{"id":3670,"date":"2022-11-30T10:25:36","date_gmt":"2022-11-30T09:25:36","guid":{"rendered":"https:\/\/agora.xtec.cat\/instarragona\/?p=3670"},"modified":"2022-11-30T10:25:36","modified_gmt":"2022-11-30T09:25:36","slug":"anem-al-mercat-pel-banc-daliments","status":"publish","type":"post","link":"https:\/\/agora.xtec.cat\/instarragona\/eso\/eso-1\/anem-al-mercat-pel-banc-daliments\/","title":{"rendered":"Anem al mercat pel Banc d&#8217;aliments"},"content":{"rendered":"<p>Els alumnes de 1r d&#8217;ESO han anat a comprar aliments pel banc d&#8217;aliments.<\/p>\n<p>Des del departament de matem\u00e0tiques han realitzat l&#8217;activitat <span style=\"color: #339966;\"><strong>&#8220;cistella<\/strong> <strong>solid\u00e0ria&#8221;<\/strong><\/span>. Han recollit diners, han escollit una tem\u00e0tica per a la cistella i posteriorment han elaborat la llista dels aliments de la tem\u00e0tica. Un \u00e8xit!<\/p>\n<p><img loading=\"lazy\" decoding=\"async\" class=\"aligncenter  wp-image-3671\" src=\"https:\/\/agora.xtec.cat\/instarragona\/wp-content\/uploads\/usu484\/2022\/11\/1669800187285.jpg\" alt=\"\" width=\"1070\" height=\"801\" srcset=\"https:\/\/agora.xtec.cat\/instarragona\/wp-content\/uploads\/usu484\/2022\/11\/1669800187285.jpg 1600w, https:\/\/agora.xtec.cat\/instarragona\/wp-content\/uploads\/usu484\/2022\/11\/1669800187285-300x224.jpg 300w, https:\/\/agora.xtec.cat\/instarragona\/wp-content\/uploads\/usu484\/2022\/11\/1669800187285-1024x766.jpg 1024w, https:\/\/agora.xtec.cat\/instarragona\/wp-content\/uploads\/usu484\/2022\/11\/1669800187285-768x575.jpg 768w, https:\/\/agora.xtec.cat\/instarragona\/wp-content\/uploads\/usu484\/2022\/11\/1669800187285-1536x1149.jpg 1536w, https:\/\/agora.xtec.cat\/instarragona\/wp-content\/uploads\/usu484\/2022\/11\/1669800187285-200x150.jpg 200w\" sizes=\"auto, (max-width: 1070px) 100vw, 1070px\" \/><\/p>\n<p>&nbsp;<\/p>\n<p>&nbsp;<\/p>\n","protected":false},"excerpt":{"rendered":"<p>Els alumnes de 1r d&#8217;ESO han anat a comprar aliments pel banc d&#8217;aliments.<br \/>\nDes del departament de matem\u00e0tiques han realitzat l&#8217;activitat &#8220;cistella solid\u00e0ria&#8221;. Han recollit diners, han escollit una tem\u00e0tica per a la cistella i posteriorment han elaborat la llista dels aliments de la tem\u00e0tica. Un&hellip;  <a href=\"https:\/\/agora.xtec.cat\/instarragona\/eso\/eso-1\/anem-al-mercat-pel-banc-daliments\/\" title=\"Read Anem al mercat pel Banc d&#8217;aliments\">Llegeix m\u00e9s\u00bb<\/a><\/p>\n","protected":false},"author":1,"featured_media":3672,"comment_status":"open","ping_status":"closed","sticky":false,"template":"","format":"standard","meta":{"_bbp_topic_count":0,"_bbp_reply_count":0,"_bbp_total_topic_count":0,"_bbp_total_reply_count":0,"_bbp_voice_count":0,"_bbp_anonymous_reply_count":0,"_bbp_topic_count_hidden":0,"_bbp_reply_count_hidden":0,"_bbp_forum_subforum_count":0,"footnotes":""},"categories":[4,29],"tags":[41],"class_list":["post-3670","post","type-post","status-publish","format-standard","has-post-thumbnail","hentry","category-eso-1","category-portada","tag-matematiques"],"post_mailing_queue_ids":[],"_links":{"self":[{"href":"https:\/\/agora.xtec.cat\/instarragona\/wp-json\/wp\/v2\/posts\/3670","targetHints":{"allow":["GET"]}}],"collection":[{"href":"https:\/\/agora.xtec.cat\/instarragona\/wp-json\/wp\/v2\/posts"}],"about":[{"href":"https:\/\/agora.xtec.cat\/instarragona\/wp-json\/wp\/v2\/types\/post"}],"author":[{"embeddable":true,"href":"https:\/\/agora.xtec.cat\/instarragona\/wp-json\/wp\/v2\/users\/1"}],"replies":[{"embeddable":true,"href":"https:\/\/agora.xtec.cat\/instarragona\/wp-json\/wp\/v2\/comments?post=3670"}],"version-history":[{"count":1,"href":"https:\/\/agora.xtec.cat\/instarragona\/wp-json\/wp\/v2\/posts\/3670\/revisions"}],"predecessor-version":[{"id":3673,"href":"https:\/\/agora.xtec.cat\/instarragona\/wp-json\/wp\/v2\/posts\/3670\/revisions\/3673"}],"wp:featuredmedia":[{"embeddable":true,"href":"https:\/\/agora.xtec.cat\/instarragona\/wp-json\/wp\/v2\/media\/3672"}],"wp:attachment":[{"href":"https:\/\/agora.xtec.cat\/instarragona\/wp-json\/wp\/v2\/media?parent=3670"}],"wp:term":[{"taxonomy":"category","embeddable":true,"href":"https:\/\/agora.xtec.cat\/instarragona\/wp-json\/wp\/v2\/categories?post=3670"},{"taxonomy":"post_tag","embeddable":true,"href":"https:\/\/agora.xtec.cat\/instarragona\/wp-json\/wp\/v2\/tags?post=3670"}],"curies":[{"name":"wp","href":"https:\/\/api.w.org\/{rel}","templated":true}]}}