{"id":3659,"date":"2022-11-23T14:04:24","date_gmt":"2022-11-23T13:04:24","guid":{"rendered":"https:\/\/agora.xtec.cat\/instarragona\/?p=3659"},"modified":"2022-11-23T14:12:04","modified_gmt":"2022-11-23T13:12:04","slug":"santa-cecilia-benvinguda-de-nou","status":"publish","type":"post","link":"https:\/\/agora.xtec.cat\/instarragona\/portada\/santa-cecilia-benvinguda-de-nou\/","title":{"rendered":"Santa Cec\u00edlia, benvinguda de nou!"},"content":{"rendered":"<p>Obviament&#8230; aquesta setmana tocava celebrar Santa Cec\u00edlia, patrona dels m\u00fasics.<\/p>\n<p style=\"text-align: center;\"><script src=\"https:\/\/cdn.jsdelivr.net\/npm\/publicalbum@latest\/embed-ui.min.js\" async><\/script><\/p>\n<h3 style=\"text-align: center;\"><strong><span style=\"color: #008000;\">MOLTES GR\u00c0CIES A TOTS!<\/span><\/strong><\/h3>\n<div class=\"pa-gallery-player-widget\" style=\"width: 100%; height: 480px; display: none;\" data-link=\"https:\/\/photos.app.goo.gl\/FdfBNeudVycqSbnM7\" data-title=\"Santa Cec\u00edlia 2022\" data-description=\"10 new items added to shared album\"><object data=\"https:\/\/lh3.googleusercontent.com\/pw\/AL9nZEULVY7QDBSQ4W8ZWXDwHqf0piqjJWd61HA9MxqjxHXdhjBPcIIFacVhXNG-LaVCAePoHZfz7FXdfu8zAYVMbu_IrChxLsn_ttOfwp3ZYvr-iaEvJm4=w1920-h1080\" width=\"300\" height=\"150\"><\/object><br \/>\n<object data=\"https:\/\/lh3.googleusercontent.com\/pw\/AL9nZEWOuTU_KHGOPaHQ-_waqVhYk13c1WteApE-0GNMKn5c10Gk-ABednUE_IL2ek6xSaEsAVyZ_qESsbMRLTzU5N3QpR494CLz1RGV0gIZC1x02jeYQyc=w1920-h1080\" width=\"300\" height=\"150\"><\/object><br \/>\n<object data=\"https:\/\/lh3.googleusercontent.com\/pw\/AL9nZEU7zHggcjPQRTFtmOYaQe8qYrRPYbav9Ma6McsLxp0EMRVGuqoBHqTrSWmgImO_JtnSXzwLMSblEPzYRWOtKRfYpcZqG6S7bKjNsmkQ37Gkji_rUOk=w1920-h1080\" width=\"300\" height=\"150\"><\/object><br \/>\n<object data=\"https:\/\/lh3.googleusercontent.com\/pw\/AL9nZEXMywgO-GDusehkTvbBAvEPnDfGyZxe-QZDB_CD8NxMZZiva3BegbMMp79JYfBJGHNTFWNyJVDq_JhBHNlfCZb7B03u5iTDO-wm0jLKk4TvfUknUow=w1920-h1080\" width=\"300\" height=\"150\"><\/object><br \/>\n<object data=\"https:\/\/lh3.googleusercontent.com\/pw\/AL9nZEU2HWOkBTF9EU9tiRw6Z83-xpxdWJ8NcnLr8I0ItQMWtZ2mGQ9UwljHDvJe7H0pVm0EO8Q7TakeaIH65cwhBQzIy-WPAp2Rg15R4jSjHHIXHZV4H1g=w1920-h1080\" width=\"300\" height=\"150\"><\/object><br \/>\n<object data=\"https:\/\/lh3.googleusercontent.com\/pw\/AL9nZEUmHJFU3UhpgDsLeeH4a718grJJPrn6CxMjg4fzUnZy-MqIhINg5zjRvDEBqNy2lfIsKIgfl3AQ-P_aXhO6qT_-YB_Y_64ZtUIB5-wH9jOmPyT-8i4=w1920-h1080\" width=\"300\" height=\"150\"><\/object><br \/>\n<object data=\"https:\/\/lh3.googleusercontent.com\/pw\/AL9nZEXUsRp7z9VAtuIEFY5R73EF7oZoJxqaKqwW498y1FJTVQo5HbROgsOVzTfAqdEveluLj8q5TfUguG42beu4Nsz5I_cyAoeph8O7vzGIMBMtqW1vRjA=w1920-h1080\" width=\"300\" height=\"150\"><\/object><br \/>\n<object data=\"https:\/\/lh3.googleusercontent.com\/pw\/AL9nZEUrTpPDSHdfsctjRTthI2kZehQXWZwvCwPdMaVvcfb96IhxbE8FpcegIv-0iz82_MYX6aPWFSGVj2NP0z-t5giRuB0balZa4DR1SUa-Z9SK_yZzZP4=w1920-h1080\" width=\"300\" height=\"150\"><\/object><br \/>\n<object data=\"https:\/\/lh3.googleusercontent.com\/pw\/AL9nZEWe1OSccEd4OLtJlI_vll-o1Xn737agkfGrQf1UVYRkU5211sO_5Ue4enLR-RnIPHQ9sv8XlANQeDSVcC8NATWcbS1t6NJPVE8-XqBwAok2I6boHac=w1920-h1080\" width=\"300\" height=\"150\"><\/object><br \/>\n<object data=\"https:\/\/lh3.googleusercontent.com\/pw\/AL9nZEUI7Mq5u6-aPwFvv4IIE9rbugQDHlbFB2dhiLZFGT8x7gccwUE13Fme62vfJ3K9TCPAO7EF_ADl2ocunZkED0SfPQ15E-QctC8u8-kJioT_uqwZABo=w1920-h1080\" width=\"300\" height=\"150\"><\/object><\/div>\n<p><img loading=\"lazy\" decoding=\"async\" class=\"aligncenter size-full wp-image-3660\" src=\"https:\/\/agora.xtec.cat\/instarragona\/wp-content\/uploads\/usu484\/2022\/11\/CONCERT-SANTA-CECILIA.png\" alt=\"\" width=\"681\" height=\"965\" srcset=\"https:\/\/agora.xtec.cat\/instarragona\/wp-content\/uploads\/usu484\/2022\/11\/CONCERT-SANTA-CECILIA.png 681w, https:\/\/agora.xtec.cat\/instarragona\/wp-content\/uploads\/usu484\/2022\/11\/CONCERT-SANTA-CECILIA-212x300.png 212w\" sizes=\"auto, (max-width: 681px) 100vw, 681px\" \/><\/p>\n<h3 style=\"text-align: center;\"><\/h3>\n<p><strong><span style=\"color: #008000;\"><img loading=\"lazy\" decoding=\"async\" class=\"aligncenter wp-image-3661\" src=\"https:\/\/agora.xtec.cat\/instarragona\/wp-content\/uploads\/usu484\/2022\/11\/CONCERT-SANTA-CECILIA-1.png\" alt=\"\" width=\"580\" height=\"562\" srcset=\"https:\/\/agora.xtec.cat\/instarragona\/wp-content\/uploads\/usu484\/2022\/11\/CONCERT-SANTA-CECILIA-1.png 715w, https:\/\/agora.xtec.cat\/instarragona\/wp-content\/uploads\/usu484\/2022\/11\/CONCERT-SANTA-CECILIA-1-300x291.png 300w\" sizes=\"auto, (max-width: 580px) 100vw, 580px\" \/><\/span><\/strong><\/p>\n","protected":false},"excerpt":{"rendered":"<p>Obviament&#8230; aquesta setmana tocava celebrar Santa Cec\u00edlia, patrona dels m\u00fasics.<\/p>\n<p>MOLTES GR\u00c0CIES A TOTS!<\/p>\n","protected":false},"author":1,"featured_media":3667,"comment_status":"open","ping_status":"closed","sticky":false,"template":"","format":"standard","meta":{"_bbp_topic_count":0,"_bbp_reply_count":0,"_bbp_total_topic_count":0,"_bbp_total_reply_count":0,"_bbp_voice_count":0,"_bbp_anonymous_reply_count":0,"_bbp_topic_count_hidden":0,"_bbp_reply_count_hidden":0,"_bbp_forum_subforum_count":0,"footnotes":""},"categories":[29],"tags":[111],"class_list":["post-3659","post","type-post","status-publish","format-standard","has-post-thumbnail","hentry","category-portada","tag-musica"],"post_mailing_queue_ids":[],"_links":{"self":[{"href":"https:\/\/agora.xtec.cat\/instarragona\/wp-json\/wp\/v2\/posts\/3659","targetHints":{"allow":["GET"]}}],"collection":[{"href":"https:\/\/agora.xtec.cat\/instarragona\/wp-json\/wp\/v2\/posts"}],"about":[{"href":"https:\/\/agora.xtec.cat\/instarragona\/wp-json\/wp\/v2\/types\/post"}],"author":[{"embeddable":true,"href":"https:\/\/agora.xtec.cat\/instarragona\/wp-json\/wp\/v2\/users\/1"}],"replies":[{"embeddable":true,"href":"https:\/\/agora.xtec.cat\/instarragona\/wp-json\/wp\/v2\/comments?post=3659"}],"version-history":[{"count":3,"href":"https:\/\/agora.xtec.cat\/instarragona\/wp-json\/wp\/v2\/posts\/3659\/revisions"}],"predecessor-version":[{"id":3668,"href":"https:\/\/agora.xtec.cat\/instarragona\/wp-json\/wp\/v2\/posts\/3659\/revisions\/3668"}],"wp:featuredmedia":[{"embeddable":true,"href":"https:\/\/agora.xtec.cat\/instarragona\/wp-json\/wp\/v2\/media\/3667"}],"wp:attachment":[{"href":"https:\/\/agora.xtec.cat\/instarragona\/wp-json\/wp\/v2\/media?parent=3659"}],"wp:term":[{"taxonomy":"category","embeddable":true,"href":"https:\/\/agora.xtec.cat\/instarragona\/wp-json\/wp\/v2\/categories?post=3659"},{"taxonomy":"post_tag","embeddable":true,"href":"https:\/\/agora.xtec.cat\/instarragona\/wp-json\/wp\/v2\/tags?post=3659"}],"curies":[{"name":"wp","href":"https:\/\/api.w.org\/{rel}","templated":true}]}}