{"id":3651,"date":"2022-11-18T13:18:27","date_gmt":"2022-11-18T12:18:27","guid":{"rendered":"https:\/\/agora.xtec.cat\/instarragona\/?p=3651"},"modified":"2022-11-18T13:22:40","modified_gmt":"2022-11-18T12:22:40","slug":"canvi-climatic-passat-present-i-futur-2","status":"publish","type":"post","link":"https:\/\/agora.xtec.cat\/instarragona\/batxillerat\/canvi-climatic-passat-present-i-futur-2\/","title":{"rendered":"Xerrada per escoltar i no oblidar"},"content":{"rendered":"<p dir=\"auto\">des del departament de socials, dins la setmana de la ci\u00e8ncia s&#8217;ha programat la confer\u00e8ncia <a href=\"https:\/\/drive.google.com\/drive\/folders\/1_D4NsBerZFCwOMNtaoO5qlx2AVuKoCLO?usp=share_link\" target=\"_blank\" rel=\"noopener\"><strong>&#8220;Canvi clim\u00e0tic: Passat, present i futur&#8221;<\/strong><\/a>, per als alumnes de geografia de 2n de Bat.<\/p>\n<p dir=\"auto\">La confer\u00e8ncia ha estat impartida per Javier Sigr\u00f3, professor de geografia de la URV i membre del grup d&#8217;estudi o recerca C3 sobre el canvi clim\u00e0tic.<\/p>\n<p dir=\"auto\"><img loading=\"lazy\" decoding=\"async\" class=\"aligncenter size-full wp-image-3652\" src=\"https:\/\/agora.xtec.cat\/instarragona\/wp-content\/uploads\/usu484\/2022\/11\/Captura-6.jpg\" alt=\"\" width=\"1174\" height=\"637\" srcset=\"https:\/\/agora.xtec.cat\/instarragona\/wp-content\/uploads\/usu484\/2022\/11\/Captura-6.jpg 1174w, https:\/\/agora.xtec.cat\/instarragona\/wp-content\/uploads\/usu484\/2022\/11\/Captura-6-300x163.jpg 300w, https:\/\/agora.xtec.cat\/instarragona\/wp-content\/uploads\/usu484\/2022\/11\/Captura-6-1024x556.jpg 1024w, https:\/\/agora.xtec.cat\/instarragona\/wp-content\/uploads\/usu484\/2022\/11\/Captura-6-768x417.jpg 768w\" sizes=\"auto, (max-width: 1174px) 100vw, 1174px\" \/><\/p>\n<p dir=\"auto\">\n","protected":false},"excerpt":{"rendered":"<p>des del departament de socials, dins la setmana de la ci\u00e8ncia s&#8217;ha programat la confer\u00e8ncia <a href=\"https:\/\/drive.google.com\/drive\/folders\/1_D4NsBerZFCwOMNtaoO5qlx2AVuKoCLO?usp=share_link\" target=\"_blank\" rel=\"noopener\">&#8220;Canvi clim\u00e0tic: Passat, present i futur&#8221;<\/a>, per als alumnes de geografia de 2n de Bat.<br \/>\nLa confer\u00e8ncia ha estat impartida per Javier Sigr\u00f3, professor de geografia de la&hellip;  <a href=\"https:\/\/agora.xtec.cat\/instarragona\/batxillerat\/canvi-climatic-passat-present-i-futur-2\/\" title=\"Read Xerrada per escoltar i no oblidar\">Llegeix m\u00e9s\u00bb<\/a><\/p>\n","protected":false},"author":1,"featured_media":0,"comment_status":"open","ping_status":"closed","sticky":false,"template":"","format":"standard","meta":{"_bbp_topic_count":0,"_bbp_reply_count":0,"_bbp_total_topic_count":0,"_bbp_total_reply_count":0,"_bbp_voice_count":0,"_bbp_anonymous_reply_count":0,"_bbp_topic_count_hidden":0,"_bbp_reply_count_hidden":0,"_bbp_forum_subforum_count":0,"footnotes":""},"categories":[8,29],"tags":[120,44],"class_list":["post-3651","post","type-post","status-publish","format-standard","hentry","category-batxillerat","category-portada","tag-socials","tag-xerrades"],"post_mailing_queue_ids":[],"_links":{"self":[{"href":"https:\/\/agora.xtec.cat\/instarragona\/wp-json\/wp\/v2\/posts\/3651","targetHints":{"allow":["GET"]}}],"collection":[{"href":"https:\/\/agora.xtec.cat\/instarragona\/wp-json\/wp\/v2\/posts"}],"about":[{"href":"https:\/\/agora.xtec.cat\/instarragona\/wp-json\/wp\/v2\/types\/post"}],"author":[{"embeddable":true,"href":"https:\/\/agora.xtec.cat\/instarragona\/wp-json\/wp\/v2\/users\/1"}],"replies":[{"embeddable":true,"href":"https:\/\/agora.xtec.cat\/instarragona\/wp-json\/wp\/v2\/comments?post=3651"}],"version-history":[{"count":2,"href":"https:\/\/agora.xtec.cat\/instarragona\/wp-json\/wp\/v2\/posts\/3651\/revisions"}],"predecessor-version":[{"id":3654,"href":"https:\/\/agora.xtec.cat\/instarragona\/wp-json\/wp\/v2\/posts\/3651\/revisions\/3654"}],"wp:attachment":[{"href":"https:\/\/agora.xtec.cat\/instarragona\/wp-json\/wp\/v2\/media?parent=3651"}],"wp:term":[{"taxonomy":"category","embeddable":true,"href":"https:\/\/agora.xtec.cat\/instarragona\/wp-json\/wp\/v2\/categories?post=3651"},{"taxonomy":"post_tag","embeddable":true,"href":"https:\/\/agora.xtec.cat\/instarragona\/wp-json\/wp\/v2\/tags?post=3651"}],"curies":[{"name":"wp","href":"https:\/\/api.w.org\/{rel}","templated":true}]}}