{"id":3632,"date":"2022-11-15T07:01:35","date_gmt":"2022-11-15T06:01:35","guid":{"rendered":"https:\/\/agora.xtec.cat\/instarragona\/?p=3632"},"modified":"2022-11-15T07:01:35","modified_gmt":"2022-11-15T06:01:35","slug":"visita-al-port-de-tarragona","status":"publish","type":"post","link":"https:\/\/agora.xtec.cat\/instarragona\/eso\/eso-4\/visita-al-port-de-tarragona\/","title":{"rendered":"Visita al Port de Tarragona"},"content":{"rendered":"<p>Els alumnes d&#8217;economia de 4t ESO van dur a terme una activitat al Museu del Port relacionada amb les exportacions i importacions que tenen lloc al Port de Tarragona.<\/p>\n<p>Va ser una visita molt interessant, ja que els van explicar tota l&#8217;activitat econ\u00f2mica que hi ha al Port, i tamb\u00e9 van poder visualitzar-ho gr\u00e0cies a un passeig amb barca per la zona.<\/p>\n<p><img loading=\"lazy\" decoding=\"async\" class=\"aligncenter size-full wp-image-3633\" src=\"https:\/\/agora.xtec.cat\/instarragona\/wp-content\/uploads\/usu484\/2022\/11\/cap1.png\" alt=\"\" width=\"1243\" height=\"763\" srcset=\"https:\/\/agora.xtec.cat\/instarragona\/wp-content\/uploads\/usu484\/2022\/11\/cap1.png 1243w, https:\/\/agora.xtec.cat\/instarragona\/wp-content\/uploads\/usu484\/2022\/11\/cap1-300x184.png 300w, https:\/\/agora.xtec.cat\/instarragona\/wp-content\/uploads\/usu484\/2022\/11\/cap1-1024x629.png 1024w, https:\/\/agora.xtec.cat\/instarragona\/wp-content\/uploads\/usu484\/2022\/11\/cap1-768x471.png 768w\" sizes=\"auto, (max-width: 1243px) 100vw, 1243px\" \/><\/p>\n<p>&nbsp;<\/p>\n<p>&nbsp;<\/p>\n<p><img loading=\"lazy\" decoding=\"async\" class=\"aligncenter size-full wp-image-3634\" src=\"https:\/\/agora.xtec.cat\/instarragona\/wp-content\/uploads\/usu484\/2022\/11\/cat2.png\" alt=\"\" width=\"1243\" height=\"745\" srcset=\"https:\/\/agora.xtec.cat\/instarragona\/wp-content\/uploads\/usu484\/2022\/11\/cat2.png 1243w, https:\/\/agora.xtec.cat\/instarragona\/wp-content\/uploads\/usu484\/2022\/11\/cat2-300x180.png 300w, https:\/\/agora.xtec.cat\/instarragona\/wp-content\/uploads\/usu484\/2022\/11\/cat2-1024x614.png 1024w, https:\/\/agora.xtec.cat\/instarragona\/wp-content\/uploads\/usu484\/2022\/11\/cat2-768x460.png 768w\" sizes=\"auto, (max-width: 1243px) 100vw, 1243px\" \/><\/p>\n","protected":false},"excerpt":{"rendered":"<p>Els alumnes d&#8217;economia de 4t ESO van dur a terme una activitat al Museu del Port relacionada amb les exportacions i importacions que tenen lloc al Port de Tarragona.<br \/>\nVa ser una visita molt interessant, ja que els van explicar tota l&#8217;activitat econ\u00f2mica que hi ha&hellip;  <a href=\"https:\/\/agora.xtec.cat\/instarragona\/eso\/eso-4\/visita-al-port-de-tarragona\/\" title=\"Read Visita al Port de Tarragona\">Llegeix m\u00e9s\u00bb<\/a><\/p>\n","protected":false},"author":1,"featured_media":3635,"comment_status":"open","ping_status":"closed","sticky":false,"template":"","format":"standard","meta":{"_bbp_topic_count":0,"_bbp_reply_count":0,"_bbp_total_topic_count":0,"_bbp_total_reply_count":0,"_bbp_voice_count":0,"_bbp_anonymous_reply_count":0,"_bbp_topic_count_hidden":0,"_bbp_reply_count_hidden":0,"_bbp_forum_subforum_count":0,"footnotes":""},"categories":[7,29],"tags":[123,39],"class_list":["post-3632","post","type-post","status-publish","format-standard","has-post-thumbnail","hentry","category-eso-4","category-portada","tag-economia","tag-sortides"],"post_mailing_queue_ids":[],"_links":{"self":[{"href":"https:\/\/agora.xtec.cat\/instarragona\/wp-json\/wp\/v2\/posts\/3632","targetHints":{"allow":["GET"]}}],"collection":[{"href":"https:\/\/agora.xtec.cat\/instarragona\/wp-json\/wp\/v2\/posts"}],"about":[{"href":"https:\/\/agora.xtec.cat\/instarragona\/wp-json\/wp\/v2\/types\/post"}],"author":[{"embeddable":true,"href":"https:\/\/agora.xtec.cat\/instarragona\/wp-json\/wp\/v2\/users\/1"}],"replies":[{"embeddable":true,"href":"https:\/\/agora.xtec.cat\/instarragona\/wp-json\/wp\/v2\/comments?post=3632"}],"version-history":[{"count":1,"href":"https:\/\/agora.xtec.cat\/instarragona\/wp-json\/wp\/v2\/posts\/3632\/revisions"}],"predecessor-version":[{"id":3636,"href":"https:\/\/agora.xtec.cat\/instarragona\/wp-json\/wp\/v2\/posts\/3632\/revisions\/3636"}],"wp:featuredmedia":[{"embeddable":true,"href":"https:\/\/agora.xtec.cat\/instarragona\/wp-json\/wp\/v2\/media\/3635"}],"wp:attachment":[{"href":"https:\/\/agora.xtec.cat\/instarragona\/wp-json\/wp\/v2\/media?parent=3632"}],"wp:term":[{"taxonomy":"category","embeddable":true,"href":"https:\/\/agora.xtec.cat\/instarragona\/wp-json\/wp\/v2\/categories?post=3632"},{"taxonomy":"post_tag","embeddable":true,"href":"https:\/\/agora.xtec.cat\/instarragona\/wp-json\/wp\/v2\/tags?post=3632"}],"curies":[{"name":"wp","href":"https:\/\/api.w.org\/{rel}","templated":true}]}}