{"id":3625,"date":"2022-11-07T11:48:39","date_gmt":"2022-11-07T10:48:39","guid":{"rendered":"https:\/\/agora.xtec.cat\/instarragona\/?p=3625"},"modified":"2022-11-07T11:51:05","modified_gmt":"2022-11-07T10:51:05","slug":"intemperie","status":"publish","type":"post","link":"https:\/\/agora.xtec.cat\/instarragona\/portada\/intemperie\/","title":{"rendered":"Intemp\u00e8rie"},"content":{"rendered":"<p style=\"text-align: center;\"><span style=\"color: #339966;\"><strong>Un grup de joves confronta el futur que els espera.<\/strong><\/span><\/p>\n<p style=\"text-align: center;\"><span style=\"color: #99cc00;\"><strong>Teatre a Barcelona amb 2n de Batxillerat.<\/strong><\/span><\/p>\n<p>&#8220;Set joves en una convenci\u00f3 europea tenen la responsabilitat d\u2019escenificar un altre futur possible davant dels l\u00edders pol\u00edtics responsables de l\u2019Agenda 2030. A les seves mans, l\u2019oportunitat de canviar les regles d\u2019un m\u00f3n abocat a la deriva d\u2019una emerg\u00e8ncia global sense retorn. Per on comen\u00e7ar? El compte enrere est\u00e0 activat&#8221;<\/p>\n<p><img loading=\"lazy\" decoding=\"async\" class=\"aligncenter size-full wp-image-3627\" src=\"https:\/\/agora.xtec.cat\/instarragona\/wp-content\/uploads\/usu484\/2022\/11\/bc1af7de-60a3-4bf4-8e19-9cfdb716e0e1.jpg\" alt=\"\" width=\"640\" height=\"480\" srcset=\"https:\/\/agora.xtec.cat\/instarragona\/wp-content\/uploads\/usu484\/2022\/11\/bc1af7de-60a3-4bf4-8e19-9cfdb716e0e1.jpg 640w, https:\/\/agora.xtec.cat\/instarragona\/wp-content\/uploads\/usu484\/2022\/11\/bc1af7de-60a3-4bf4-8e19-9cfdb716e0e1-300x225.jpg 300w, https:\/\/agora.xtec.cat\/instarragona\/wp-content\/uploads\/usu484\/2022\/11\/bc1af7de-60a3-4bf4-8e19-9cfdb716e0e1-200x150.jpg 200w\" sizes=\"auto, (max-width: 640px) 100vw, 640px\" \/><\/p>\n<p>Aquest \u00e9s l&#8217;argument de l&#8217;obra de teatre que han vist els nostres alumnes de Batxillerat al <strong><a href=\"https:\/\/www.tnc.cat\/ca\/intemperie\" target=\"_blank\" rel=\"noopener\">TNC<\/a><\/strong>.<\/p>\n<p>&nbsp;<\/p>\n","protected":false},"excerpt":{"rendered":"<p>Un grup de joves confronta el futur que els espera.<br \/>\nTeatre a Barcelona amb 2n de Batxillerat.<br \/>\n&#8220;Set joves en una convenci\u00f3 europea tenen la responsabilitat d\u2019escenificar un altre futur possible davant dels l\u00edders pol\u00edtics responsables de l\u2019Agenda 2030. A les seves mans, l\u2019oportunitat de canviar les&hellip;  <a href=\"https:\/\/agora.xtec.cat\/instarragona\/portada\/intemperie\/\" title=\"Read Intemp\u00e8rie\">Llegeix m\u00e9s\u00bb<\/a><\/p>\n","protected":false},"author":1,"featured_media":3626,"comment_status":"open","ping_status":"closed","sticky":false,"template":"","format":"standard","meta":{"_bbp_topic_count":0,"_bbp_reply_count":0,"_bbp_total_topic_count":0,"_bbp_total_reply_count":0,"_bbp_voice_count":0,"_bbp_anonymous_reply_count":0,"_bbp_topic_count_hidden":0,"_bbp_reply_count_hidden":0,"_bbp_forum_subforum_count":0,"footnotes":""},"categories":[29],"tags":[119,39,40],"class_list":["post-3625","post","type-post","status-publish","format-standard","has-post-thumbnail","hentry","category-portada","tag-catala","tag-sortides","tag-teatre"],"post_mailing_queue_ids":[],"_links":{"self":[{"href":"https:\/\/agora.xtec.cat\/instarragona\/wp-json\/wp\/v2\/posts\/3625","targetHints":{"allow":["GET"]}}],"collection":[{"href":"https:\/\/agora.xtec.cat\/instarragona\/wp-json\/wp\/v2\/posts"}],"about":[{"href":"https:\/\/agora.xtec.cat\/instarragona\/wp-json\/wp\/v2\/types\/post"}],"author":[{"embeddable":true,"href":"https:\/\/agora.xtec.cat\/instarragona\/wp-json\/wp\/v2\/users\/1"}],"replies":[{"embeddable":true,"href":"https:\/\/agora.xtec.cat\/instarragona\/wp-json\/wp\/v2\/comments?post=3625"}],"version-history":[{"count":3,"href":"https:\/\/agora.xtec.cat\/instarragona\/wp-json\/wp\/v2\/posts\/3625\/revisions"}],"predecessor-version":[{"id":3631,"href":"https:\/\/agora.xtec.cat\/instarragona\/wp-json\/wp\/v2\/posts\/3625\/revisions\/3631"}],"wp:featuredmedia":[{"embeddable":true,"href":"https:\/\/agora.xtec.cat\/instarragona\/wp-json\/wp\/v2\/media\/3626"}],"wp:attachment":[{"href":"https:\/\/agora.xtec.cat\/instarragona\/wp-json\/wp\/v2\/media?parent=3625"}],"wp:term":[{"taxonomy":"category","embeddable":true,"href":"https:\/\/agora.xtec.cat\/instarragona\/wp-json\/wp\/v2\/categories?post=3625"},{"taxonomy":"post_tag","embeddable":true,"href":"https:\/\/agora.xtec.cat\/instarragona\/wp-json\/wp\/v2\/tags?post=3625"}],"curies":[{"name":"wp","href":"https:\/\/api.w.org\/{rel}","templated":true}]}}