{"id":3622,"date":"2022-11-07T11:42:34","date_gmt":"2022-11-07T10:42:34","guid":{"rendered":"https:\/\/agora.xtec.cat\/instarragona\/?p=3622"},"modified":"2022-11-07T11:49:53","modified_gmt":"2022-11-07T10:49:53","slug":"job-shadowing-erasmus","status":"publish","type":"post","link":"https:\/\/agora.xtec.cat\/instarragona\/portada\/job-shadowing-erasmus\/","title":{"rendered":"Job shadowing, una experi\u00e8ncia Erasmus+"},"content":{"rendered":"<p>Divendres ens vam acomiadar de Pasqual Tirach, professor de catal\u00e0 a Perpiny\u00e0 i Argel\u00e8s que ha vingut a fer una visita d&#8217;observaci\u00f3 a les nostres aules d&#8217;acollida i de catal\u00e0 dins el marc Erasmus+. L&#8217;intercanvi d&#8217;experi\u00e8ncies ha estat molt enriquidor per a tots nosaltres.<\/p>\n<div><img loading=\"lazy\" decoding=\"async\" class=\"aligncenter wp-image-3623\" src=\"https:\/\/agora.xtec.cat\/instarragona\/wp-content\/uploads\/usu484\/2022\/11\/IMG_8822-scaled.jpg\" alt=\"\" width=\"766\" height=\"574\" srcset=\"https:\/\/agora.xtec.cat\/instarragona\/wp-content\/uploads\/usu484\/2022\/11\/IMG_8822-scaled.jpg 2560w, https:\/\/agora.xtec.cat\/instarragona\/wp-content\/uploads\/usu484\/2022\/11\/IMG_8822-300x225.jpg 300w, https:\/\/agora.xtec.cat\/instarragona\/wp-content\/uploads\/usu484\/2022\/11\/IMG_8822-1024x768.jpg 1024w, https:\/\/agora.xtec.cat\/instarragona\/wp-content\/uploads\/usu484\/2022\/11\/IMG_8822-768x576.jpg 768w, https:\/\/agora.xtec.cat\/instarragona\/wp-content\/uploads\/usu484\/2022\/11\/IMG_8822-1536x1152.jpg 1536w, https:\/\/agora.xtec.cat\/instarragona\/wp-content\/uploads\/usu484\/2022\/11\/IMG_8822-2048x1536.jpg 2048w, https:\/\/agora.xtec.cat\/instarragona\/wp-content\/uploads\/usu484\/2022\/11\/IMG_8822-200x150.jpg 200w\" sizes=\"auto, (max-width: 766px) 100vw, 766px\" \/><\/div>\n<div><\/div>\n<div><\/div>\n<div><\/div>\n","protected":false},"excerpt":{"rendered":"<p>Divendres ens vam acomiadar de Pasqual Tirach, professor de catal\u00e0 a Perpiny\u00e0 i Argel\u00e8s que ha vingut a fer una visita d&#8217;observaci\u00f3 a les nostres aules d&#8217;acollida i de catal\u00e0 dins el marc Erasmus+. L&#8217;intercanvi d&#8217;experi\u00e8ncies ha estat molt enriquidor per a tots nosaltres.<\/p>\n","protected":false},"author":1,"featured_media":0,"comment_status":"open","ping_status":"closed","sticky":false,"template":"","format":"standard","meta":{"_bbp_topic_count":0,"_bbp_reply_count":0,"_bbp_total_topic_count":0,"_bbp_total_reply_count":0,"_bbp_voice_count":0,"_bbp_anonymous_reply_count":0,"_bbp_topic_count_hidden":0,"_bbp_reply_count_hidden":0,"_bbp_forum_subforum_count":0,"footnotes":""},"categories":[29],"tags":[101],"class_list":["post-3622","post","type-post","status-publish","format-standard","hentry","category-portada","tag-erasmus"],"post_mailing_queue_ids":[],"_links":{"self":[{"href":"https:\/\/agora.xtec.cat\/instarragona\/wp-json\/wp\/v2\/posts\/3622","targetHints":{"allow":["GET"]}}],"collection":[{"href":"https:\/\/agora.xtec.cat\/instarragona\/wp-json\/wp\/v2\/posts"}],"about":[{"href":"https:\/\/agora.xtec.cat\/instarragona\/wp-json\/wp\/v2\/types\/post"}],"author":[{"embeddable":true,"href":"https:\/\/agora.xtec.cat\/instarragona\/wp-json\/wp\/v2\/users\/1"}],"replies":[{"embeddable":true,"href":"https:\/\/agora.xtec.cat\/instarragona\/wp-json\/wp\/v2\/comments?post=3622"}],"version-history":[{"count":2,"href":"https:\/\/agora.xtec.cat\/instarragona\/wp-json\/wp\/v2\/posts\/3622\/revisions"}],"predecessor-version":[{"id":3630,"href":"https:\/\/agora.xtec.cat\/instarragona\/wp-json\/wp\/v2\/posts\/3622\/revisions\/3630"}],"wp:attachment":[{"href":"https:\/\/agora.xtec.cat\/instarragona\/wp-json\/wp\/v2\/media?parent=3622"}],"wp:term":[{"taxonomy":"category","embeddable":true,"href":"https:\/\/agora.xtec.cat\/instarragona\/wp-json\/wp\/v2\/categories?post=3622"},{"taxonomy":"post_tag","embeddable":true,"href":"https:\/\/agora.xtec.cat\/instarragona\/wp-json\/wp\/v2\/tags?post=3622"}],"curies":[{"name":"wp","href":"https:\/\/api.w.org\/{rel}","templated":true}]}}