{"id":3616,"date":"2022-11-04T12:13:36","date_gmt":"2022-11-04T11:13:36","guid":{"rendered":"https:\/\/agora.xtec.cat\/instarragona\/?p=3616"},"modified":"2022-11-04T12:14:28","modified_gmt":"2022-11-04T11:14:28","slug":"competencia-social-que-es-com-analitzar-la-i-com-millorar-la","status":"publish","type":"post","link":"https:\/\/agora.xtec.cat\/instarragona\/eso\/eso-4\/competencia-social-que-es-com-analitzar-la-i-com-millorar-la\/","title":{"rendered":"Compet\u00e8ncia social, qu\u00e8 \u00e9s, com analitzar-la i com millorar-la"},"content":{"rendered":"<p>Avui a 4t d&#8217;ESO hem tingut la xerrada <span style=\"color: #008000;\"><strong>\u201cCompet\u00e8ncia Social\u201d<\/strong><\/span> del <a href=\"https:\/\/xtec.gencat.cat\/ca\/comunitat\/salutescola\/programasalutescola\/\" target=\"_blank\" rel=\"noopener\"><strong>Projecte Salut i Escola<\/strong><\/a><strong>.<\/strong><\/p>\n<p>La ponent i referent del CAP T\u00e0rraco, la psic\u00f2loga Ester Sotillo ens ha parlat de coses molt senzilles i a la vegada tan complexes de posar-les en pr\u00e0ctica. Tots aquells qui l&#8217;hem escoltat ens han remogut i recol\u00b7locat una miqueta per dins.<\/p>\n<p>&nbsp;<\/p>\n<p><img loading=\"lazy\" decoding=\"async\" class=\"aligncenter size-full wp-image-3615\" src=\"https:\/\/agora.xtec.cat\/instarragona\/wp-content\/uploads\/usu484\/2022\/11\/Captura-1.jpg\" alt=\"\" width=\"1137\" height=\"779\" srcset=\"https:\/\/agora.xtec.cat\/instarragona\/wp-content\/uploads\/usu484\/2022\/11\/Captura-1.jpg 1137w, https:\/\/agora.xtec.cat\/instarragona\/wp-content\/uploads\/usu484\/2022\/11\/Captura-1-300x206.jpg 300w, https:\/\/agora.xtec.cat\/instarragona\/wp-content\/uploads\/usu484\/2022\/11\/Captura-1-1024x702.jpg 1024w, https:\/\/agora.xtec.cat\/instarragona\/wp-content\/uploads\/usu484\/2022\/11\/Captura-1-768x526.jpg 768w\" sizes=\"auto, (max-width: 1137px) 100vw, 1137px\" \/><\/p>\n<p>&nbsp;<\/p>\n","protected":false},"excerpt":{"rendered":"<p>Avui a 4t d&#8217;ESO hem tingut la xerrada \u201cCompet\u00e8ncia Social\u201d del <a href=\"https:\/\/xtec.gencat.cat\/ca\/comunitat\/salutescola\/programasalutescola\/\" target=\"_blank\" rel=\"noopener\">Projecte Salut i Escola<\/a>.<br \/>\nLa ponent i referent del CAP T\u00e0rraco, la psic\u00f2loga Ester Sotillo ens ha parlat de coses molt senzilles i a la vegada tan complexes de posar-les en pr\u00e0ctica.&hellip;  <a href=\"https:\/\/agora.xtec.cat\/instarragona\/eso\/eso-4\/competencia-social-que-es-com-analitzar-la-i-com-millorar-la\/\" title=\"Read Compet\u00e8ncia social, qu\u00e8 \u00e9s, com analitzar-la i com millorar-la\">Llegeix m\u00e9s\u00bb<\/a><\/p>\n","protected":false},"author":1,"featured_media":3615,"comment_status":"open","ping_status":"closed","sticky":false,"template":"","format":"standard","meta":{"_bbp_topic_count":0,"_bbp_reply_count":0,"_bbp_total_topic_count":0,"_bbp_total_reply_count":0,"_bbp_voice_count":0,"_bbp_anonymous_reply_count":0,"_bbp_topic_count_hidden":0,"_bbp_reply_count_hidden":0,"_bbp_forum_subforum_count":0,"footnotes":""},"categories":[7,29],"tags":[44],"class_list":["post-3616","post","type-post","status-publish","format-standard","has-post-thumbnail","hentry","category-eso-4","category-portada","tag-xerrades"],"post_mailing_queue_ids":[],"_links":{"self":[{"href":"https:\/\/agora.xtec.cat\/instarragona\/wp-json\/wp\/v2\/posts\/3616","targetHints":{"allow":["GET"]}}],"collection":[{"href":"https:\/\/agora.xtec.cat\/instarragona\/wp-json\/wp\/v2\/posts"}],"about":[{"href":"https:\/\/agora.xtec.cat\/instarragona\/wp-json\/wp\/v2\/types\/post"}],"author":[{"embeddable":true,"href":"https:\/\/agora.xtec.cat\/instarragona\/wp-json\/wp\/v2\/users\/1"}],"replies":[{"embeddable":true,"href":"https:\/\/agora.xtec.cat\/instarragona\/wp-json\/wp\/v2\/comments?post=3616"}],"version-history":[{"count":2,"href":"https:\/\/agora.xtec.cat\/instarragona\/wp-json\/wp\/v2\/posts\/3616\/revisions"}],"predecessor-version":[{"id":3618,"href":"https:\/\/agora.xtec.cat\/instarragona\/wp-json\/wp\/v2\/posts\/3616\/revisions\/3618"}],"wp:featuredmedia":[{"embeddable":true,"href":"https:\/\/agora.xtec.cat\/instarragona\/wp-json\/wp\/v2\/media\/3615"}],"wp:attachment":[{"href":"https:\/\/agora.xtec.cat\/instarragona\/wp-json\/wp\/v2\/media?parent=3616"}],"wp:term":[{"taxonomy":"category","embeddable":true,"href":"https:\/\/agora.xtec.cat\/instarragona\/wp-json\/wp\/v2\/categories?post=3616"},{"taxonomy":"post_tag","embeddable":true,"href":"https:\/\/agora.xtec.cat\/instarragona\/wp-json\/wp\/v2\/tags?post=3616"}],"curies":[{"name":"wp","href":"https:\/\/api.w.org\/{rel}","templated":true}]}}