{"id":3611,"date":"2022-11-04T12:02:40","date_gmt":"2022-11-04T11:02:40","guid":{"rendered":"https:\/\/agora.xtec.cat\/instarragona\/?p=3611"},"modified":"2022-11-04T12:02:40","modified_gmt":"2022-11-04T11:02:40","slug":"histories-de-por-a-la-biblioteca","status":"publish","type":"post","link":"https:\/\/agora.xtec.cat\/instarragona\/portada\/histories-de-por-a-la-biblioteca\/","title":{"rendered":"Hist\u00f2ries de por a la biblioteca"},"content":{"rendered":"<div class=\"gmail_default\">Divendres 28 d&#8217;octubre la biblioteca va ser l&#8217;escenari d&#8217;una marat\u00f3 d&#8217;hist\u00f2ries de por en qu\u00e8 van participar alumnes de 1r, de 3r d&#8217;ESO i el professor \u00c0lex Carr, que n&#8217;era l&#8217;organitzador.<\/div>\n<div><\/div>\n<div class=\"gmail_default\">Vam sentir la hist\u00f2ria de l&#8217;Olga de la Casa Castellarnau de Tarragona, la dels sorolls de l&#8217;Institut Tarragona i algunes de les extravagants hist\u00f2ries de realisme m\u00e0gic del Joan Fontcuberta.<\/div>\n<div><\/div>\n<div><\/div>\n<h4 class=\"gmail_default\">Sabem que \u00e9s un t\u00f2pic, per\u00f2 ens ho vam passar de por!! \ud83d\udc7b\ud83d\udc7d<\/h4>\n<div><\/div>\n<div><\/div>\n<div><\/div>\n<div><img loading=\"lazy\" decoding=\"async\" class=\"aligncenter  wp-image-3612\" src=\"https:\/\/agora.xtec.cat\/instarragona\/wp-content\/uploads\/usu484\/2022\/11\/1667462389001.jpg\" alt=\"\" width=\"751\" height=\"563\" srcset=\"https:\/\/agora.xtec.cat\/instarragona\/wp-content\/uploads\/usu484\/2022\/11\/1667462389001.jpg 2048w, https:\/\/agora.xtec.cat\/instarragona\/wp-content\/uploads\/usu484\/2022\/11\/1667462389001-300x225.jpg 300w, https:\/\/agora.xtec.cat\/instarragona\/wp-content\/uploads\/usu484\/2022\/11\/1667462389001-1024x768.jpg 1024w, https:\/\/agora.xtec.cat\/instarragona\/wp-content\/uploads\/usu484\/2022\/11\/1667462389001-768x576.jpg 768w, https:\/\/agora.xtec.cat\/instarragona\/wp-content\/uploads\/usu484\/2022\/11\/1667462389001-1536x1152.jpg 1536w, https:\/\/agora.xtec.cat\/instarragona\/wp-content\/uploads\/usu484\/2022\/11\/1667462389001-200x150.jpg 200w\" sizes=\"auto, (max-width: 751px) 100vw, 751px\" \/><\/div>\n<div><\/div>\n<div><\/div>\n<div><\/div>\n<div><\/div>\n<div><img loading=\"lazy\" decoding=\"async\" class=\"aligncenter  wp-image-3613\" src=\"https:\/\/agora.xtec.cat\/instarragona\/wp-content\/uploads\/usu484\/2022\/11\/1667462389014.jpg\" alt=\"\" width=\"750\" height=\"562\" srcset=\"https:\/\/agora.xtec.cat\/instarragona\/wp-content\/uploads\/usu484\/2022\/11\/1667462389014.jpg 2048w, https:\/\/agora.xtec.cat\/instarragona\/wp-content\/uploads\/usu484\/2022\/11\/1667462389014-300x225.jpg 300w, https:\/\/agora.xtec.cat\/instarragona\/wp-content\/uploads\/usu484\/2022\/11\/1667462389014-1024x768.jpg 1024w, https:\/\/agora.xtec.cat\/instarragona\/wp-content\/uploads\/usu484\/2022\/11\/1667462389014-768x576.jpg 768w, https:\/\/agora.xtec.cat\/instarragona\/wp-content\/uploads\/usu484\/2022\/11\/1667462389014-1536x1152.jpg 1536w, https:\/\/agora.xtec.cat\/instarragona\/wp-content\/uploads\/usu484\/2022\/11\/1667462389014-200x150.jpg 200w\" sizes=\"auto, (max-width: 750px) 100vw, 750px\" \/><\/div>\n<div><\/div>\n<div><\/div>\n<div><\/div>\n","protected":false},"excerpt":{"rendered":"<p>Divendres 28 d&#8217;octubre la biblioteca va ser l&#8217;escenari d&#8217;una marat\u00f3 d&#8217;hist\u00f2ries de por en qu\u00e8 van participar alumnes de 1r, de 3r d&#8217;ESO i el professor \u00c0lex Carr, que n&#8217;era l&#8217;organitzador.<\/p>\n<p>Vam sentir la hist\u00f2ria de l&#8217;Olga de la Casa Castellarnau de Tarragona, la dels sorolls&hellip;  <a href=\"https:\/\/agora.xtec.cat\/instarragona\/portada\/histories-de-por-a-la-biblioteca\/\" title=\"Read Hist\u00f2ries de por a la biblioteca\">Llegeix m\u00e9s\u00bb<\/a><\/p>\n","protected":false},"author":1,"featured_media":3612,"comment_status":"open","ping_status":"closed","sticky":false,"template":"","format":"standard","meta":{"_bbp_topic_count":0,"_bbp_reply_count":0,"_bbp_total_topic_count":0,"_bbp_total_reply_count":0,"_bbp_voice_count":0,"_bbp_anonymous_reply_count":0,"_bbp_topic_count_hidden":0,"_bbp_reply_count_hidden":0,"_bbp_forum_subforum_count":0,"footnotes":""},"categories":[29],"tags":[107],"class_list":["post-3611","post","type-post","status-publish","format-standard","has-post-thumbnail","hentry","category-portada","tag-biblioteca"],"post_mailing_queue_ids":[],"_links":{"self":[{"href":"https:\/\/agora.xtec.cat\/instarragona\/wp-json\/wp\/v2\/posts\/3611","targetHints":{"allow":["GET"]}}],"collection":[{"href":"https:\/\/agora.xtec.cat\/instarragona\/wp-json\/wp\/v2\/posts"}],"about":[{"href":"https:\/\/agora.xtec.cat\/instarragona\/wp-json\/wp\/v2\/types\/post"}],"author":[{"embeddable":true,"href":"https:\/\/agora.xtec.cat\/instarragona\/wp-json\/wp\/v2\/users\/1"}],"replies":[{"embeddable":true,"href":"https:\/\/agora.xtec.cat\/instarragona\/wp-json\/wp\/v2\/comments?post=3611"}],"version-history":[{"count":1,"href":"https:\/\/agora.xtec.cat\/instarragona\/wp-json\/wp\/v2\/posts\/3611\/revisions"}],"predecessor-version":[{"id":3614,"href":"https:\/\/agora.xtec.cat\/instarragona\/wp-json\/wp\/v2\/posts\/3611\/revisions\/3614"}],"wp:featuredmedia":[{"embeddable":true,"href":"https:\/\/agora.xtec.cat\/instarragona\/wp-json\/wp\/v2\/media\/3612"}],"wp:attachment":[{"href":"https:\/\/agora.xtec.cat\/instarragona\/wp-json\/wp\/v2\/media?parent=3611"}],"wp:term":[{"taxonomy":"category","embeddable":true,"href":"https:\/\/agora.xtec.cat\/instarragona\/wp-json\/wp\/v2\/categories?post=3611"},{"taxonomy":"post_tag","embeddable":true,"href":"https:\/\/agora.xtec.cat\/instarragona\/wp-json\/wp\/v2\/tags?post=3611"}],"curies":[{"name":"wp","href":"https:\/\/api.w.org\/{rel}","templated":true}]}}