{"id":3596,"date":"2022-11-02T14:11:30","date_gmt":"2022-11-02T13:11:30","guid":{"rendered":"https:\/\/agora.xtec.cat\/instarragona\/?p=3596"},"modified":"2022-11-04T11:53:19","modified_gmt":"2022-11-04T10:53:19","slug":"erasmus-a-tarragona","status":"publish","type":"post","link":"https:\/\/agora.xtec.cat\/instarragona\/eso\/eso-4\/erasmus-a-tarragona\/","title":{"rendered":"Erasmus+ &#8220;Climate Emergency&#8221; a Tarragona"},"content":{"rendered":"<p>El projecte <strong><span style=\"color: #008000;\">\u201cCLIMATE EMERGENCY IN EUROPE\u201d<\/span> <\/strong>continua en marxa i no podria anar millor. Acabem de rebre a Tarragona estudiants de Pol\u00f2nia, Alemanya i Finl\u00e0ndia. Amb alguns d&#8217;ells ja hav\u00edem tingut la possibilitat de coincidir a D\u00fcsseldorf durant la visita que vam fer el curs passat. Altres els hem conegut al llarg de la setmana i la veritat \u00e9s que la conviv\u00e8ncia amb tots ells ha estat magn\u00edfica. Els projectes Erasmus+ tenen diferents objectius, un d&#8217;ells sempre \u00e9s enfortir els lla\u00e7os entre la ciutadania europea. Sens dubte aquest est\u00e0 m\u00e9s que assolit.<\/p>\n<p id=\"tw-target-text\" class=\"tw-data-text tw-text-large tw-ta\" dir=\"ltr\" data-placeholder=\"Traducci\u00f3n\"><span class=\"Y2IQFc\" lang=\"ca\">Els programes Erasmus+ tamb\u00e9 volen <span style=\"color: #000000;\">c<\/span>ontribuir al desenvolupament educatiu, professional i personal de l&#8217;alumnat i a m\u00e9s a m\u00e9s, en aquest cas, com el seu t\u00edtol mostra, incideix espec\u00edficament en la problem\u00e0tica ambiental i en el creixement sostenible, tan i tan necessaris avui en dia. \u00c9s per aix\u00f2 que l<\/span>es activitats, les sortides, les xerrades i els tallers han estat molt diversos i sobretot relacionats amb l&#8217;eix tem\u00e0tic del projecte, el canvi clim\u00e0tic. Podeu donar un cop d&#8217;ull a les <strong><a href=\"https:\/\/drive.google.com\/drive\/folders\/1Oua652mOGY8m9NGn3UU1H4iqJIsH1sBl?usp=share_link\">imatges <\/a><\/strong>en aquest enlla\u00e7.<\/p>\n<p dir=\"ltr\" data-placeholder=\"Traducci\u00f3n\"><img loading=\"lazy\" decoding=\"async\" class=\"aligncenter wp-image-3600\" src=\"https:\/\/agora.xtec.cat\/instarragona\/wp-content\/uploads\/usu484\/2022\/11\/1667382036976.jpg\" alt=\"\" width=\"897\" height=\"673\" srcset=\"https:\/\/agora.xtec.cat\/instarragona\/wp-content\/uploads\/usu484\/2022\/11\/1667382036976.jpg 1600w, https:\/\/agora.xtec.cat\/instarragona\/wp-content\/uploads\/usu484\/2022\/11\/1667382036976-300x225.jpg 300w, https:\/\/agora.xtec.cat\/instarragona\/wp-content\/uploads\/usu484\/2022\/11\/1667382036976-1024x768.jpg 1024w, https:\/\/agora.xtec.cat\/instarragona\/wp-content\/uploads\/usu484\/2022\/11\/1667382036976-768x576.jpg 768w, https:\/\/agora.xtec.cat\/instarragona\/wp-content\/uploads\/usu484\/2022\/11\/1667382036976-1536x1152.jpg 1536w, https:\/\/agora.xtec.cat\/instarragona\/wp-content\/uploads\/usu484\/2022\/11\/1667382036976-200x150.jpg 200w\" sizes=\"auto, (max-width: 897px) 100vw, 897px\" \/><\/p>\n<p dir=\"ltr\" data-placeholder=\"Traducci\u00f3n\"><img loading=\"lazy\" decoding=\"async\" class=\"aligncenter wp-image-3601\" src=\"https:\/\/agora.xtec.cat\/instarragona\/wp-content\/uploads\/usu484\/2022\/11\/1667382036744.jpg\" alt=\"\" width=\"815\" height=\"611\" srcset=\"https:\/\/agora.xtec.cat\/instarragona\/wp-content\/uploads\/usu484\/2022\/11\/1667382036744.jpg 1024w, https:\/\/agora.xtec.cat\/instarragona\/wp-content\/uploads\/usu484\/2022\/11\/1667382036744-300x225.jpg 300w, https:\/\/agora.xtec.cat\/instarragona\/wp-content\/uploads\/usu484\/2022\/11\/1667382036744-768x576.jpg 768w, https:\/\/agora.xtec.cat\/instarragona\/wp-content\/uploads\/usu484\/2022\/11\/1667382036744-200x150.jpg 200w\" sizes=\"auto, (max-width: 815px) 100vw, 815px\" \/><\/p>\n<p dir=\"ltr\" data-placeholder=\"Traducci\u00f3n\">A tots plegats ens quedar\u00e0 un gran record de l&#8217;estada.\u00a0Gr\u00e0cies per venir!<\/p>\n<p dir=\"ltr\" data-placeholder=\"Traducci\u00f3n\"><img loading=\"lazy\" decoding=\"async\" class=\"aligncenter size-full wp-image-3391\" src=\"https:\/\/agora.xtec.cat\/instarragona\/wp-content\/uploads\/usu484\/2022\/06\/baixa.png\" alt=\"\" width=\"481\" height=\"105\" srcset=\"https:\/\/agora.xtec.cat\/instarragona\/wp-content\/uploads\/usu484\/2022\/06\/baixa.png 481w, https:\/\/agora.xtec.cat\/instarragona\/wp-content\/uploads\/usu484\/2022\/06\/baixa-300x65.png 300w\" sizes=\"auto, (max-width: 481px) 100vw, 481px\" \/><\/p>\n","protected":false},"excerpt":{"rendered":"<p>El projecte \u201cCLIMATE EMERGENCY IN EUROPE\u201d continua en marxa i no podria anar millor. Acabem de rebre a Tarragona estudiants de Pol\u00f2nia, Alemanya i Finl\u00e0ndia. Amb alguns d&#8217;ells ja hav\u00edem tingut la possibilitat de coincidir a D\u00fcsseldorf durant la visita que vam fer el curs&hellip;  <a href=\"https:\/\/agora.xtec.cat\/instarragona\/eso\/eso-4\/erasmus-a-tarragona\/\" title=\"Read Erasmus+ &#8220;Climate Emergency&#8221; a Tarragona\">Llegeix m\u00e9s\u00bb<\/a><\/p>\n","protected":false},"author":1,"featured_media":3602,"comment_status":"open","ping_status":"closed","sticky":false,"template":"","format":"standard","meta":{"_bbp_topic_count":0,"_bbp_reply_count":0,"_bbp_total_topic_count":0,"_bbp_total_reply_count":0,"_bbp_voice_count":0,"_bbp_anonymous_reply_count":0,"_bbp_topic_count_hidden":0,"_bbp_reply_count_hidden":0,"_bbp_forum_subforum_count":0,"footnotes":""},"categories":[8,7,29],"tags":[132,101,99],"class_list":["post-3596","post","type-post","status-publish","format-standard","has-post-thumbnail","hentry","category-batxillerat","category-eso-4","category-portada","tag-erasmus-k2-ec","tag-erasmus","tag-projectes"],"post_mailing_queue_ids":[],"_links":{"self":[{"href":"https:\/\/agora.xtec.cat\/instarragona\/wp-json\/wp\/v2\/posts\/3596","targetHints":{"allow":["GET"]}}],"collection":[{"href":"https:\/\/agora.xtec.cat\/instarragona\/wp-json\/wp\/v2\/posts"}],"about":[{"href":"https:\/\/agora.xtec.cat\/instarragona\/wp-json\/wp\/v2\/types\/post"}],"author":[{"embeddable":true,"href":"https:\/\/agora.xtec.cat\/instarragona\/wp-json\/wp\/v2\/users\/1"}],"replies":[{"embeddable":true,"href":"https:\/\/agora.xtec.cat\/instarragona\/wp-json\/wp\/v2\/comments?post=3596"}],"version-history":[{"count":3,"href":"https:\/\/agora.xtec.cat\/instarragona\/wp-json\/wp\/v2\/posts\/3596\/revisions"}],"predecessor-version":[{"id":3606,"href":"https:\/\/agora.xtec.cat\/instarragona\/wp-json\/wp\/v2\/posts\/3596\/revisions\/3606"}],"wp:featuredmedia":[{"embeddable":true,"href":"https:\/\/agora.xtec.cat\/instarragona\/wp-json\/wp\/v2\/media\/3602"}],"wp:attachment":[{"href":"https:\/\/agora.xtec.cat\/instarragona\/wp-json\/wp\/v2\/media?parent=3596"}],"wp:term":[{"taxonomy":"category","embeddable":true,"href":"https:\/\/agora.xtec.cat\/instarragona\/wp-json\/wp\/v2\/categories?post=3596"},{"taxonomy":"post_tag","embeddable":true,"href":"https:\/\/agora.xtec.cat\/instarragona\/wp-json\/wp\/v2\/tags?post=3596"}],"curies":[{"name":"wp","href":"https:\/\/api.w.org\/{rel}","templated":true}]}}