{"id":3592,"date":"2022-11-02T10:21:27","date_gmt":"2022-11-02T09:21:27","guid":{"rendered":"https:\/\/agora.xtec.cat\/instarragona\/?p=3592"},"modified":"2022-11-02T10:21:50","modified_gmt":"2022-11-02T09:21:50","slug":"language-tool-per-que-no","status":"publish","type":"post","link":"https:\/\/agora.xtec.cat\/instarragona\/portada\/language-tool-per-que-no\/","title":{"rendered":"Language Tool, per qu\u00e8 no?"},"content":{"rendered":"<p>Volem recordar-vos que teniu a la vostra disposici\u00f3 una eina molt bona que podeu utilitzar per millorar la qualitat dels vostres treballs i presentacions.<\/p>\n<p>El <span style=\"color: #008000;\"><a style=\"color: #008000;\"><strong>\ud83d\udd20<\/strong><\/a><strong><a style=\"color: #008000;\">\ud83d\udcd3<\/a>\ud83c\udd8e\ud83d\udcbb<\/strong><\/span> <span style=\"color: #008000;\"><a style=\"color: #008000;\"><strong>LanguageTool \ud83d\udcd2\u2705\ud83d\udd21<\/strong><\/a><\/span>, corregeix l&#8217;ortografia, la gram\u00e0tica i la puntuaci\u00f3 del text. De fet, \u00e9s un <span style=\"color: #008000;\"><strong>assistent d&#8217;escriptura<\/strong><\/span>. El podeu fer servir directament quan genereu documents des del vostre Drive o des de qualsevol altre lloc web.<\/p>\n<p>Com funciona?<\/p>\n<ul>\n<li>Podeu <strong><a href=\"https:\/\/languagetool.org\/es\/chrome\" target=\"_blank\" rel=\"noopener\">baixar-vos l&#8217;extensi\u00f3 [LT] del Chrome<\/a> <\/strong>o b\u00e9<\/li>\n<li>copiant i enganxant els vostres textos<strong>\u00a0<a href=\"https:\/\/languagetool.org\/ca\/\" target=\"_blank\" rel=\"noopener\">al LT en l\u00ednia<\/a><\/strong>, com vulgueu.<\/li>\n<\/ul>\n<p>Si podem fer-ho millor, per qu\u00e8 no intentar-ho?<\/p>\n<p>&nbsp;<\/p>\n<p>&nbsp;<\/p>\n","protected":false},"excerpt":{"rendered":"<p>Volem recordar-vos que teniu a la vostra disposici\u00f3 una eina molt bona que podeu utilitzar per millorar la qualitat dels vostres treballs i presentacions.<br \/>\nEl <a style=\"color: #008000;\">\ud83d\udd20<\/a><a style=\"color: #008000;\">\ud83d\udcd3<\/a>\ud83c\udd8e\ud83d\udcbb <a style=\"color: #008000;\">LanguageTool \ud83d\udcd2\u2705\ud83d\udd21<\/a>, corregeix l&#8217;ortografia, la gram\u00e0tica i la puntuaci\u00f3 del text. De fet, \u00e9s&hellip;  <a href=\"https:\/\/agora.xtec.cat\/instarragona\/portada\/language-tool-per-que-no\/\" title=\"Read Language Tool, per qu\u00e8 no?\">Llegeix m\u00e9s\u00bb<\/a><\/p>\n","protected":false},"author":1,"featured_media":3593,"comment_status":"open","ping_status":"closed","sticky":false,"template":"","format":"standard","meta":{"_bbp_topic_count":0,"_bbp_reply_count":0,"_bbp_total_topic_count":0,"_bbp_total_reply_count":0,"_bbp_voice_count":0,"_bbp_anonymous_reply_count":0,"_bbp_topic_count_hidden":0,"_bbp_reply_count_hidden":0,"_bbp_forum_subforum_count":0,"footnotes":""},"categories":[29],"tags":[137],"class_list":["post-3592","post","type-post","status-publish","format-standard","has-post-thumbnail","hentry","category-portada","tag-llengues"],"post_mailing_queue_ids":[],"_links":{"self":[{"href":"https:\/\/agora.xtec.cat\/instarragona\/wp-json\/wp\/v2\/posts\/3592","targetHints":{"allow":["GET"]}}],"collection":[{"href":"https:\/\/agora.xtec.cat\/instarragona\/wp-json\/wp\/v2\/posts"}],"about":[{"href":"https:\/\/agora.xtec.cat\/instarragona\/wp-json\/wp\/v2\/types\/post"}],"author":[{"embeddable":true,"href":"https:\/\/agora.xtec.cat\/instarragona\/wp-json\/wp\/v2\/users\/1"}],"replies":[{"embeddable":true,"href":"https:\/\/agora.xtec.cat\/instarragona\/wp-json\/wp\/v2\/comments?post=3592"}],"version-history":[{"count":2,"href":"https:\/\/agora.xtec.cat\/instarragona\/wp-json\/wp\/v2\/posts\/3592\/revisions"}],"predecessor-version":[{"id":3595,"href":"https:\/\/agora.xtec.cat\/instarragona\/wp-json\/wp\/v2\/posts\/3592\/revisions\/3595"}],"wp:featuredmedia":[{"embeddable":true,"href":"https:\/\/agora.xtec.cat\/instarragona\/wp-json\/wp\/v2\/media\/3593"}],"wp:attachment":[{"href":"https:\/\/agora.xtec.cat\/instarragona\/wp-json\/wp\/v2\/media?parent=3592"}],"wp:term":[{"taxonomy":"category","embeddable":true,"href":"https:\/\/agora.xtec.cat\/instarragona\/wp-json\/wp\/v2\/categories?post=3592"},{"taxonomy":"post_tag","embeddable":true,"href":"https:\/\/agora.xtec.cat\/instarragona\/wp-json\/wp\/v2\/tags?post=3592"}],"curies":[{"name":"wp","href":"https:\/\/api.w.org\/{rel}","templated":true}]}}