{"id":3583,"date":"2022-10-23T08:43:04","date_gmt":"2022-10-23T06:43:04","guid":{"rendered":"https:\/\/agora.xtec.cat\/instarragona\/?p=3583"},"modified":"2022-10-23T08:43:04","modified_gmt":"2022-10-23T06:43:04","slug":"erasmus-a-tourcoing","status":"publish","type":"post","link":"https:\/\/agora.xtec.cat\/instarragona\/eso\/eso-4\/erasmus-a-tourcoing\/","title":{"rendered":"Erasmus+ a Tourcoing"},"content":{"rendered":"<p><span style=\"font-family: Arial, Helvetica, sans-serif; font-size: small;\">Els alumnes de 4t d\u2019ESO van arribar de Tourcoing (Lille, Fran\u00e7a) on van finalitzar el projecte Air Quality comen\u00e7at el curs anterior.<\/span><br style=\"font-family: Arial, Helvetica, sans-serif; font-size: small;\" \/><span style=\"font-family: Arial, Helvetica, sans-serif; font-size: small;\">Aquest projecte Erasmus pret\u00e9n conscienciar de la import\u00e0ncia de la qualitat de l\u2019aire dins i fora de les aules. L\u2019alumnat va prendre mesures a les dues ciutats Lille i Tarragona per posteriorment extreure conclusions i proposar millores.<\/span><\/p>\n<p><img loading=\"lazy\" decoding=\"async\" class=\"aligncenter size-full wp-image-3584\" src=\"https:\/\/agora.xtec.cat\/instarragona\/wp-content\/uploads\/usu484\/2022\/10\/PHOTO-2022-10-01-21-04-01.jpg\" alt=\"\" width=\"1600\" height=\"800\" srcset=\"https:\/\/agora.xtec.cat\/instarragona\/wp-content\/uploads\/usu484\/2022\/10\/PHOTO-2022-10-01-21-04-01.jpg 1600w, https:\/\/agora.xtec.cat\/instarragona\/wp-content\/uploads\/usu484\/2022\/10\/PHOTO-2022-10-01-21-04-01-300x150.jpg 300w, https:\/\/agora.xtec.cat\/instarragona\/wp-content\/uploads\/usu484\/2022\/10\/PHOTO-2022-10-01-21-04-01-1024x512.jpg 1024w, https:\/\/agora.xtec.cat\/instarragona\/wp-content\/uploads\/usu484\/2022\/10\/PHOTO-2022-10-01-21-04-01-768x384.jpg 768w, https:\/\/agora.xtec.cat\/instarragona\/wp-content\/uploads\/usu484\/2022\/10\/PHOTO-2022-10-01-21-04-01-1536x768.jpg 1536w\" sizes=\"auto, (max-width: 1600px) 100vw, 1600px\" \/><\/p>\n<p>&nbsp;<\/p>\n<p>&nbsp;<\/p>\n<p><img loading=\"lazy\" decoding=\"async\" class=\"aligncenter size-full wp-image-3391\" src=\"https:\/\/agora.xtec.cat\/instarragona\/wp-content\/uploads\/usu484\/2022\/06\/baixa.png\" alt=\"\" width=\"481\" height=\"105\" srcset=\"https:\/\/agora.xtec.cat\/instarragona\/wp-content\/uploads\/usu484\/2022\/06\/baixa.png 481w, https:\/\/agora.xtec.cat\/instarragona\/wp-content\/uploads\/usu484\/2022\/06\/baixa-300x65.png 300w\" sizes=\"auto, (max-width: 481px) 100vw, 481px\" \/><\/p>\n","protected":false},"excerpt":{"rendered":"<p>Els alumnes de 4t d\u2019ESO van arribar de Tourcoing (Lille, Fran\u00e7a) on van finalitzar el projecte Air Quality comen\u00e7at el curs anterior.Aquest projecte Erasmus pret\u00e9n conscienciar de la import\u00e0ncia de la qualitat de l\u2019aire dins i fora de les aules. L\u2019alumnat va prendre mesures a&hellip;  <a href=\"https:\/\/agora.xtec.cat\/instarragona\/eso\/eso-4\/erasmus-a-tourcoing\/\" title=\"Read Erasmus+ a Tourcoing\">Llegeix m\u00e9s\u00bb<\/a><\/p>\n","protected":false},"author":1,"featured_media":3585,"comment_status":"open","ping_status":"closed","sticky":false,"template":"","format":"standard","meta":{"_bbp_topic_count":0,"_bbp_reply_count":0,"_bbp_total_topic_count":0,"_bbp_total_reply_count":0,"_bbp_voice_count":0,"_bbp_anonymous_reply_count":0,"_bbp_topic_count_hidden":0,"_bbp_reply_count_hidden":0,"_bbp_forum_subforum_count":0,"footnotes":""},"categories":[7,29],"tags":[146,145,99],"class_list":["post-3583","post","type-post","status-publish","format-standard","has-post-thumbnail","hentry","category-eso-4","category-portada","tag-e-air-quality","tag-erasmus-acretitation","tag-projectes"],"post_mailing_queue_ids":[],"_links":{"self":[{"href":"https:\/\/agora.xtec.cat\/instarragona\/wp-json\/wp\/v2\/posts\/3583","targetHints":{"allow":["GET"]}}],"collection":[{"href":"https:\/\/agora.xtec.cat\/instarragona\/wp-json\/wp\/v2\/posts"}],"about":[{"href":"https:\/\/agora.xtec.cat\/instarragona\/wp-json\/wp\/v2\/types\/post"}],"author":[{"embeddable":true,"href":"https:\/\/agora.xtec.cat\/instarragona\/wp-json\/wp\/v2\/users\/1"}],"replies":[{"embeddable":true,"href":"https:\/\/agora.xtec.cat\/instarragona\/wp-json\/wp\/v2\/comments?post=3583"}],"version-history":[{"count":1,"href":"https:\/\/agora.xtec.cat\/instarragona\/wp-json\/wp\/v2\/posts\/3583\/revisions"}],"predecessor-version":[{"id":3586,"href":"https:\/\/agora.xtec.cat\/instarragona\/wp-json\/wp\/v2\/posts\/3583\/revisions\/3586"}],"wp:featuredmedia":[{"embeddable":true,"href":"https:\/\/agora.xtec.cat\/instarragona\/wp-json\/wp\/v2\/media\/3585"}],"wp:attachment":[{"href":"https:\/\/agora.xtec.cat\/instarragona\/wp-json\/wp\/v2\/media?parent=3583"}],"wp:term":[{"taxonomy":"category","embeddable":true,"href":"https:\/\/agora.xtec.cat\/instarragona\/wp-json\/wp\/v2\/categories?post=3583"},{"taxonomy":"post_tag","embeddable":true,"href":"https:\/\/agora.xtec.cat\/instarragona\/wp-json\/wp\/v2\/tags?post=3583"}],"curies":[{"name":"wp","href":"https:\/\/api.w.org\/{rel}","templated":true}]}}