{"id":3567,"date":"2022-10-07T13:07:07","date_gmt":"2022-10-07T11:07:07","guid":{"rendered":"https:\/\/agora.xtec.cat\/instarragona\/?p=3567"},"modified":"2022-10-07T13:08:30","modified_gmt":"2022-10-07T11:08:30","slug":"lucinda-evans-defensora-dels-drets-humans","status":"publish","type":"post","link":"https:\/\/agora.xtec.cat\/instarragona\/portada\/lucinda-evans-defensora-dels-drets-humans\/","title":{"rendered":"Lucinda Evans, defensora dels drets humans"},"content":{"rendered":"<p>Avui ens ha visitat la Lucinda Evans, defensora dels drets humans. \u00c9s una reconeguda activista sud-africana, una de les cares visibles de la lluita contra les viol\u00e8ncies masclistes que impacten les vides de dones, infants, i persones LGTBIQ+.<\/p>\n<p>Aquesta activitat tindr\u00e0 una continu\u00eftat dins de les mat\u00e8ries de Religi\u00f3 i Cultura i Valors \u00c8tics.<\/p>\n<p>Moltes gr\u00e0cies Lucinda per venir a visitar-nos, ha estat un aut\u00e8ntic plaer escoltar-te.<\/p>\n<div><\/div>\n<div><\/div>\n<div><img loading=\"lazy\" decoding=\"async\" class=\"aligncenter size-full wp-image-3568\" src=\"https:\/\/agora.xtec.cat\/instarragona\/wp-content\/uploads\/usu484\/2022\/10\/Lucinda-Evans-1.png\" alt=\"\" width=\"1080\" height=\"1080\" srcset=\"https:\/\/agora.xtec.cat\/instarragona\/wp-content\/uploads\/usu484\/2022\/10\/Lucinda-Evans-1.png 1080w, https:\/\/agora.xtec.cat\/instarragona\/wp-content\/uploads\/usu484\/2022\/10\/Lucinda-Evans-1-300x300.png 300w, https:\/\/agora.xtec.cat\/instarragona\/wp-content\/uploads\/usu484\/2022\/10\/Lucinda-Evans-1-1024x1024.png 1024w, https:\/\/agora.xtec.cat\/instarragona\/wp-content\/uploads\/usu484\/2022\/10\/Lucinda-Evans-1-150x150.png 150w, https:\/\/agora.xtec.cat\/instarragona\/wp-content\/uploads\/usu484\/2022\/10\/Lucinda-Evans-1-768x768.png 768w\" sizes=\"auto, (max-width: 1080px) 100vw, 1080px\" \/><\/div>\n<div><\/div>\n<div><\/div>\n<div><\/div>\n<div><\/div>\n<div><img loading=\"lazy\" decoding=\"async\" class=\"aligncenter size-full wp-image-3569\" src=\"https:\/\/agora.xtec.cat\/instarragona\/wp-content\/uploads\/usu484\/2022\/10\/IMG-20221007-WA0006.jpg\" alt=\"\" width=\"1024\" height=\"768\" srcset=\"https:\/\/agora.xtec.cat\/instarragona\/wp-content\/uploads\/usu484\/2022\/10\/IMG-20221007-WA0006.jpg 1024w, https:\/\/agora.xtec.cat\/instarragona\/wp-content\/uploads\/usu484\/2022\/10\/IMG-20221007-WA0006-300x225.jpg 300w, https:\/\/agora.xtec.cat\/instarragona\/wp-content\/uploads\/usu484\/2022\/10\/IMG-20221007-WA0006-768x576.jpg 768w, https:\/\/agora.xtec.cat\/instarragona\/wp-content\/uploads\/usu484\/2022\/10\/IMG-20221007-WA0006-200x150.jpg 200w\" sizes=\"auto, (max-width: 1024px) 100vw, 1024px\" \/><\/div>\n<div><\/div>\n<div><\/div>\n<div><\/div>\n<div><\/div>\n<div><img loading=\"lazy\" decoding=\"async\" class=\"aligncenter size-full wp-image-3570\" src=\"https:\/\/agora.xtec.cat\/instarragona\/wp-content\/uploads\/usu484\/2022\/10\/IMG-20221007-WA0007.jpg\" alt=\"\" width=\"1024\" height=\"768\" srcset=\"https:\/\/agora.xtec.cat\/instarragona\/wp-content\/uploads\/usu484\/2022\/10\/IMG-20221007-WA0007.jpg 1024w, https:\/\/agora.xtec.cat\/instarragona\/wp-content\/uploads\/usu484\/2022\/10\/IMG-20221007-WA0007-300x225.jpg 300w, https:\/\/agora.xtec.cat\/instarragona\/wp-content\/uploads\/usu484\/2022\/10\/IMG-20221007-WA0007-768x576.jpg 768w, https:\/\/agora.xtec.cat\/instarragona\/wp-content\/uploads\/usu484\/2022\/10\/IMG-20221007-WA0007-200x150.jpg 200w\" sizes=\"auto, (max-width: 1024px) 100vw, 1024px\" \/><\/div>\n","protected":false},"excerpt":{"rendered":"<p>Avui ens ha visitat la Lucinda Evans, defensora dels drets humans. \u00c9s una reconeguda activista sud-africana, una de les cares visibles de la lluita contra les viol\u00e8ncies masclistes que impacten les vides de dones, infants, i persones LGTBIQ+.<br \/>\nAquesta activitat tindr\u00e0 una continu\u00eftat dins de les&hellip;  <a href=\"https:\/\/agora.xtec.cat\/instarragona\/portada\/lucinda-evans-defensora-dels-drets-humans\/\" title=\"Read Lucinda Evans, defensora dels drets humans\">Llegeix m\u00e9s\u00bb<\/a><\/p>\n","protected":false},"author":1,"featured_media":3568,"comment_status":"open","ping_status":"closed","sticky":false,"template":"","format":"standard","meta":{"_bbp_topic_count":0,"_bbp_reply_count":0,"_bbp_total_topic_count":0,"_bbp_total_reply_count":0,"_bbp_voice_count":0,"_bbp_anonymous_reply_count":0,"_bbp_topic_count_hidden":0,"_bbp_reply_count_hidden":0,"_bbp_forum_subforum_count":0,"footnotes":""},"categories":[29],"tags":[127,44],"class_list":["post-3567","post","type-post","status-publish","format-standard","has-post-thumbnail","hentry","category-portada","tag-religio","tag-xerrades"],"post_mailing_queue_ids":[],"_links":{"self":[{"href":"https:\/\/agora.xtec.cat\/instarragona\/wp-json\/wp\/v2\/posts\/3567","targetHints":{"allow":["GET"]}}],"collection":[{"href":"https:\/\/agora.xtec.cat\/instarragona\/wp-json\/wp\/v2\/posts"}],"about":[{"href":"https:\/\/agora.xtec.cat\/instarragona\/wp-json\/wp\/v2\/types\/post"}],"author":[{"embeddable":true,"href":"https:\/\/agora.xtec.cat\/instarragona\/wp-json\/wp\/v2\/users\/1"}],"replies":[{"embeddable":true,"href":"https:\/\/agora.xtec.cat\/instarragona\/wp-json\/wp\/v2\/comments?post=3567"}],"version-history":[{"count":3,"href":"https:\/\/agora.xtec.cat\/instarragona\/wp-json\/wp\/v2\/posts\/3567\/revisions"}],"predecessor-version":[{"id":3573,"href":"https:\/\/agora.xtec.cat\/instarragona\/wp-json\/wp\/v2\/posts\/3567\/revisions\/3573"}],"wp:featuredmedia":[{"embeddable":true,"href":"https:\/\/agora.xtec.cat\/instarragona\/wp-json\/wp\/v2\/media\/3568"}],"wp:attachment":[{"href":"https:\/\/agora.xtec.cat\/instarragona\/wp-json\/wp\/v2\/media?parent=3567"}],"wp:term":[{"taxonomy":"category","embeddable":true,"href":"https:\/\/agora.xtec.cat\/instarragona\/wp-json\/wp\/v2\/categories?post=3567"},{"taxonomy":"post_tag","embeddable":true,"href":"https:\/\/agora.xtec.cat\/instarragona\/wp-json\/wp\/v2\/tags?post=3567"}],"curies":[{"name":"wp","href":"https:\/\/api.w.org\/{rel}","templated":true}]}}