{"id":3560,"date":"2022-10-07T12:59:36","date_gmt":"2022-10-07T10:59:36","guid":{"rendered":"https:\/\/agora.xtec.cat\/instarragona\/?p=3560"},"modified":"2022-10-07T12:59:49","modified_gmt":"2022-10-07T10:59:49","slug":"la-biblioteca-a-tope","status":"publish","type":"post","link":"https:\/\/agora.xtec.cat\/instarragona\/portada\/la-biblioteca-a-tope\/","title":{"rendered":"La Biblioteca &#8220;a tope&#8221;"},"content":{"rendered":"<p>Aquest curs, des que hem comen\u00e7at que la biblioteca treu fum \ud83d\udcda\ud83d\udcd2\ud83d\udcbb.<\/p>\n<p>Hi va molt\u00edssima gent a l&#8217;hora del pati i hi fan deures, llegeixen, busquen lectures, fan sudokus, tert\u00falies a partir de llibres que comparteixen, en fi, que la biblioteca \u00e9s un punt de trobada cultural molt viu i en plena efervesc\u00e8ncia.<\/p>\n<p><img loading=\"lazy\" decoding=\"async\" class=\"aligncenter size-full wp-image-3564\" src=\"https:\/\/agora.xtec.cat\/instarragona\/wp-content\/uploads\/usu484\/2022\/10\/20220922_121541-scaled.jpg\" alt=\"\" width=\"1920\" height=\"2560\" srcset=\"https:\/\/agora.xtec.cat\/instarragona\/wp-content\/uploads\/usu484\/2022\/10\/20220922_121541-scaled.jpg 1920w, https:\/\/agora.xtec.cat\/instarragona\/wp-content\/uploads\/usu484\/2022\/10\/20220922_121541-225x300.jpg 225w, https:\/\/agora.xtec.cat\/instarragona\/wp-content\/uploads\/usu484\/2022\/10\/20220922_121541-768x1024.jpg 768w, https:\/\/agora.xtec.cat\/instarragona\/wp-content\/uploads\/usu484\/2022\/10\/20220922_121541-1152x1536.jpg 1152w, https:\/\/agora.xtec.cat\/instarragona\/wp-content\/uploads\/usu484\/2022\/10\/20220922_121541-1536x2048.jpg 1536w\" sizes=\"auto, (max-width: 1920px) 100vw, 1920px\" \/><\/p>\n<p>&nbsp;<\/p>\n<p><img loading=\"lazy\" decoding=\"async\" class=\"aligncenter size-full wp-image-3565\" src=\"https:\/\/agora.xtec.cat\/instarragona\/wp-content\/uploads\/usu484\/2022\/10\/20220912_110934-scaled.jpg\" alt=\"\" width=\"1920\" height=\"2560\" srcset=\"https:\/\/agora.xtec.cat\/instarragona\/wp-content\/uploads\/usu484\/2022\/10\/20220912_110934-scaled.jpg 1920w, https:\/\/agora.xtec.cat\/instarragona\/wp-content\/uploads\/usu484\/2022\/10\/20220912_110934-225x300.jpg 225w, https:\/\/agora.xtec.cat\/instarragona\/wp-content\/uploads\/usu484\/2022\/10\/20220912_110934-768x1024.jpg 768w, https:\/\/agora.xtec.cat\/instarragona\/wp-content\/uploads\/usu484\/2022\/10\/20220912_110934-1152x1536.jpg 1152w, https:\/\/agora.xtec.cat\/instarragona\/wp-content\/uploads\/usu484\/2022\/10\/20220912_110934-1536x2048.jpg 1536w\" sizes=\"auto, (max-width: 1920px) 100vw, 1920px\" \/><\/p>\n<p>&nbsp;<\/p>\n","protected":false},"excerpt":{"rendered":"<p>Aquest curs, des que hem comen\u00e7at que la biblioteca treu fum \ud83d\udcda\ud83d\udcd2\ud83d\udcbb.<br \/>\nHi va molt\u00edssima gent a l&#8217;hora del pati i hi fan deures, llegeixen, busquen lectures, fan sudokus, tert\u00falies a partir de llibres que comparteixen, en fi, que la biblioteca \u00e9s un punt de trobada&hellip;  <a href=\"https:\/\/agora.xtec.cat\/instarragona\/portada\/la-biblioteca-a-tope\/\" title=\"Read La Biblioteca &#8220;a tope&#8221;\">Llegeix m\u00e9s\u00bb<\/a><\/p>\n","protected":false},"author":1,"featured_media":3564,"comment_status":"open","ping_status":"closed","sticky":false,"template":"","format":"standard","meta":{"_bbp_topic_count":0,"_bbp_reply_count":0,"_bbp_total_topic_count":0,"_bbp_total_reply_count":0,"_bbp_voice_count":0,"_bbp_anonymous_reply_count":0,"_bbp_topic_count_hidden":0,"_bbp_reply_count_hidden":0,"_bbp_forum_subforum_count":0,"footnotes":""},"categories":[29],"tags":[107],"class_list":["post-3560","post","type-post","status-publish","format-standard","has-post-thumbnail","hentry","category-portada","tag-biblioteca"],"post_mailing_queue_ids":[],"_links":{"self":[{"href":"https:\/\/agora.xtec.cat\/instarragona\/wp-json\/wp\/v2\/posts\/3560","targetHints":{"allow":["GET"]}}],"collection":[{"href":"https:\/\/agora.xtec.cat\/instarragona\/wp-json\/wp\/v2\/posts"}],"about":[{"href":"https:\/\/agora.xtec.cat\/instarragona\/wp-json\/wp\/v2\/types\/post"}],"author":[{"embeddable":true,"href":"https:\/\/agora.xtec.cat\/instarragona\/wp-json\/wp\/v2\/users\/1"}],"replies":[{"embeddable":true,"href":"https:\/\/agora.xtec.cat\/instarragona\/wp-json\/wp\/v2\/comments?post=3560"}],"version-history":[{"count":1,"href":"https:\/\/agora.xtec.cat\/instarragona\/wp-json\/wp\/v2\/posts\/3560\/revisions"}],"predecessor-version":[{"id":3566,"href":"https:\/\/agora.xtec.cat\/instarragona\/wp-json\/wp\/v2\/posts\/3560\/revisions\/3566"}],"wp:featuredmedia":[{"embeddable":true,"href":"https:\/\/agora.xtec.cat\/instarragona\/wp-json\/wp\/v2\/media\/3564"}],"wp:attachment":[{"href":"https:\/\/agora.xtec.cat\/instarragona\/wp-json\/wp\/v2\/media?parent=3560"}],"wp:term":[{"taxonomy":"category","embeddable":true,"href":"https:\/\/agora.xtec.cat\/instarragona\/wp-json\/wp\/v2\/categories?post=3560"},{"taxonomy":"post_tag","embeddable":true,"href":"https:\/\/agora.xtec.cat\/instarragona\/wp-json\/wp\/v2\/tags?post=3560"}],"curies":[{"name":"wp","href":"https:\/\/api.w.org\/{rel}","templated":true}]}}