{"id":3533,"date":"2022-09-29T12:13:47","date_gmt":"2022-09-29T10:13:47","guid":{"rendered":"https:\/\/agora.xtec.cat\/instarragona\/?p=3533"},"modified":"2022-09-29T13:38:48","modified_gmt":"2022-09-29T11:38:48","slug":"derasmusaltre-cop-primera-mobilitat-22-23","status":"publish","type":"post","link":"https:\/\/agora.xtec.cat\/instarragona\/eso\/eso-4\/derasmusaltre-cop-primera-mobilitat-22-23\/","title":{"rendered":"D&#8217;Erasmus altre cop,  primera mobilitat 22-23"},"content":{"rendered":"<p>Arrenquem de nou amb les mobilitats d&#8217;Erasmus +.<\/p>\n<p>Una gran sort que els nostres alumnes de 4t d&#8217;ESO hagin tingut la possibilitat de participar en el projecte &#8220;Air Quality&#8221;. El programa va comen\u00e7ar durant el curs 21-22 i aquests propers mesos tindr\u00e0 continu\u00eftat.<\/p>\n<p>Aquest cop ens toca viatjar a Fran\u00e7a, a <a href=\"https:\/\/goo.gl\/maps\/1h4bNH5cDYrDQuVu9\">Tourcoing<\/a>, molt aprop d&#8217;Ille, ben al nord.<\/p>\n<p><img loading=\"lazy\" decoding=\"async\" class=\"aligncenter size-full wp-image-3534\" src=\"https:\/\/agora.xtec.cat\/instarragona\/wp-content\/uploads\/usu484\/2022\/09\/Captura-2.jpg\" alt=\"\" width=\"598\" height=\"368\" srcset=\"https:\/\/agora.xtec.cat\/instarragona\/wp-content\/uploads\/usu484\/2022\/09\/Captura-2.jpg 598w, https:\/\/agora.xtec.cat\/instarragona\/wp-content\/uploads\/usu484\/2022\/09\/Captura-2-300x185.jpg 300w\" sizes=\"auto, (max-width: 598px) 100vw, 598px\" \/><\/p>\n<p>Gaudiu, aprofiteu molt\u00edssim la vostra estada.\u00a0Us esperem a la tornada i ja ens ho explicareu!<\/p>\n<p>&nbsp;<\/p>\n<p><img loading=\"lazy\" decoding=\"async\" class=\"aligncenter wp-image-3391\" src=\"https:\/\/agora.xtec.cat\/instarragona\/wp-content\/uploads\/usu484\/2022\/06\/baixa.png\" alt=\"\" width=\"371\" height=\"81\" srcset=\"https:\/\/agora.xtec.cat\/instarragona\/wp-content\/uploads\/usu484\/2022\/06\/baixa.png 481w, https:\/\/agora.xtec.cat\/instarragona\/wp-content\/uploads\/usu484\/2022\/06\/baixa-300x65.png 300w\" sizes=\"auto, (max-width: 371px) 100vw, 371px\" \/><\/p>\n<p>&nbsp;<\/p>\n","protected":false},"excerpt":{"rendered":"<p>Arrenquem de nou amb les mobilitats d&#8217;Erasmus +.<br \/>\nUna gran sort que els nostres alumnes de 4t d&#8217;ESO hagin tingut la possibilitat de participar en el projecte &#8220;Air Quality&#8221;. El programa va comen\u00e7ar durant el curs 21-22 i aquests propers mesos tindr\u00e0 continu\u00eftat.<br \/>\nAquest cop ens toca&hellip;  <a href=\"https:\/\/agora.xtec.cat\/instarragona\/eso\/eso-4\/derasmusaltre-cop-primera-mobilitat-22-23\/\" title=\"Read D&#8217;Erasmus altre cop,  primera mobilitat 22-23\">Llegeix m\u00e9s\u00bb<\/a><\/p>\n","protected":false},"author":1,"featured_media":3535,"comment_status":"open","ping_status":"closed","sticky":false,"template":"","format":"standard","meta":{"_bbp_topic_count":0,"_bbp_reply_count":0,"_bbp_total_topic_count":0,"_bbp_total_reply_count":0,"_bbp_voice_count":0,"_bbp_anonymous_reply_count":0,"_bbp_topic_count_hidden":0,"_bbp_reply_count_hidden":0,"_bbp_forum_subforum_count":0,"footnotes":""},"categories":[7,29,100],"tags":[145,101],"class_list":["post-3533","post","type-post","status-publish","format-standard","has-post-thumbnail","hentry","category-eso-4","category-portada","category-projectes","tag-erasmus-acretitation","tag-erasmus"],"post_mailing_queue_ids":[],"_links":{"self":[{"href":"https:\/\/agora.xtec.cat\/instarragona\/wp-json\/wp\/v2\/posts\/3533","targetHints":{"allow":["GET"]}}],"collection":[{"href":"https:\/\/agora.xtec.cat\/instarragona\/wp-json\/wp\/v2\/posts"}],"about":[{"href":"https:\/\/agora.xtec.cat\/instarragona\/wp-json\/wp\/v2\/types\/post"}],"author":[{"embeddable":true,"href":"https:\/\/agora.xtec.cat\/instarragona\/wp-json\/wp\/v2\/users\/1"}],"replies":[{"embeddable":true,"href":"https:\/\/agora.xtec.cat\/instarragona\/wp-json\/wp\/v2\/comments?post=3533"}],"version-history":[{"count":3,"href":"https:\/\/agora.xtec.cat\/instarragona\/wp-json\/wp\/v2\/posts\/3533\/revisions"}],"predecessor-version":[{"id":3550,"href":"https:\/\/agora.xtec.cat\/instarragona\/wp-json\/wp\/v2\/posts\/3533\/revisions\/3550"}],"wp:featuredmedia":[{"embeddable":true,"href":"https:\/\/agora.xtec.cat\/instarragona\/wp-json\/wp\/v2\/media\/3535"}],"wp:attachment":[{"href":"https:\/\/agora.xtec.cat\/instarragona\/wp-json\/wp\/v2\/media?parent=3533"}],"wp:term":[{"taxonomy":"category","embeddable":true,"href":"https:\/\/agora.xtec.cat\/instarragona\/wp-json\/wp\/v2\/categories?post=3533"},{"taxonomy":"post_tag","embeddable":true,"href":"https:\/\/agora.xtec.cat\/instarragona\/wp-json\/wp\/v2\/tags?post=3533"}],"curies":[{"name":"wp","href":"https:\/\/api.w.org\/{rel}","templated":true}]}}