{"id":3527,"date":"2022-09-27T13:14:41","date_gmt":"2022-09-27T11:14:41","guid":{"rendered":"https:\/\/agora.xtec.cat\/instarragona\/?p=3527"},"modified":"2022-10-07T13:11:46","modified_gmt":"2022-10-07T11:11:46","slug":"taller-de-versots","status":"publish","type":"post","link":"https:\/\/agora.xtec.cat\/instarragona\/general\/taller-de-versots\/","title":{"rendered":"Taller de versots i&#8230;"},"content":{"rendered":"<p>Els alumnes de 3r d&#8217;ESO van participar al TALLER DE VERSOTS &#8220;Santa Tecla 700 als instituts&#8221;, organitzat per l&#8217;Associaci\u00f3 de Professionals i Estudiosos en Llengua i Literatura Catalanes (<a href=\"https:\/\/www.apellc.org\/\">APELLC<\/a>). Un tema interessant\u00edssim per treballar pels voltants de Santa Tecla, oi?<\/p>\n<p>Els alumnes han apr\u00e8s a escriure versots i parlaments dels balls parlats. Aquesta iniciativa pret\u00e9n contribuir a fomentar la mirada cr\u00edtica entre els joves.<\/p>\n<p>A m\u00e9s a m\u00e9s, a\u00a01r d&#8217;ESO tamb\u00e9 hem parlat de Santa Tecla a trav\u00e9s d&#8217;uns escrits en els quals els nois i les noies havien de dir a quin acte anirien o havien anat, per qu\u00e8 triaven aquell acte i no un altre, amb qui hi anaven, quins records tenien de la festa de quan eren petits, entre altres coses. Es han sortit unes redaccions delicioses!<\/p>\n<div><\/div>\n<div><\/div>\n<div><img loading=\"lazy\" decoding=\"async\" class=\"aligncenter size-full wp-image-3530\" src=\"https:\/\/agora.xtec.cat\/instarragona\/wp-content\/uploads\/usu484\/2022\/09\/Captura.png\" alt=\"\" width=\"642\" height=\"418\" srcset=\"https:\/\/agora.xtec.cat\/instarragona\/wp-content\/uploads\/usu484\/2022\/09\/Captura.png 642w, https:\/\/agora.xtec.cat\/instarragona\/wp-content\/uploads\/usu484\/2022\/09\/Captura-300x195.png 300w\" sizes=\"auto, (max-width: 642px) 100vw, 642px\" \/><\/div>\n<div><\/div>\n<div><\/div>\n","protected":false},"excerpt":{"rendered":"<p>Els alumnes de 3r d&#8217;ESO van participar al TALLER DE VERSOTS &#8220;Santa Tecla 700 als instituts&#8221;, organitzat per l&#8217;Associaci\u00f3 de Professionals i Estudiosos en Llengua i Literatura Catalanes (<a href=\"https:\/\/www.apellc.org\/\">APELLC<\/a>). Un tema interessant\u00edssim per treballar pels voltants de Santa Tecla, oi?<br \/>\nEls alumnes han apr\u00e8s a&hellip;  <a href=\"https:\/\/agora.xtec.cat\/instarragona\/general\/taller-de-versots\/\" title=\"Read Taller de versots i&#8230;\">Llegeix m\u00e9s\u00bb<\/a><\/p>\n","protected":false},"author":1,"featured_media":3530,"comment_status":"open","ping_status":"closed","sticky":false,"template":"","format":"standard","meta":{"_bbp_topic_count":0,"_bbp_reply_count":0,"_bbp_total_topic_count":0,"_bbp_total_reply_count":0,"_bbp_voice_count":0,"_bbp_anonymous_reply_count":0,"_bbp_topic_count_hidden":0,"_bbp_reply_count_hidden":0,"_bbp_forum_subforum_count":0,"footnotes":""},"categories":[6,1,29],"tags":[119,97],"class_list":["post-3527","post","type-post","status-publish","format-standard","has-post-thumbnail","hentry","category-eso-3","category-general","category-portada","tag-catala","tag-festes-i-activitats"],"post_mailing_queue_ids":[],"_links":{"self":[{"href":"https:\/\/agora.xtec.cat\/instarragona\/wp-json\/wp\/v2\/posts\/3527","targetHints":{"allow":["GET"]}}],"collection":[{"href":"https:\/\/agora.xtec.cat\/instarragona\/wp-json\/wp\/v2\/posts"}],"about":[{"href":"https:\/\/agora.xtec.cat\/instarragona\/wp-json\/wp\/v2\/types\/post"}],"author":[{"embeddable":true,"href":"https:\/\/agora.xtec.cat\/instarragona\/wp-json\/wp\/v2\/users\/1"}],"replies":[{"embeddable":true,"href":"https:\/\/agora.xtec.cat\/instarragona\/wp-json\/wp\/v2\/comments?post=3527"}],"version-history":[{"count":3,"href":"https:\/\/agora.xtec.cat\/instarragona\/wp-json\/wp\/v2\/posts\/3527\/revisions"}],"predecessor-version":[{"id":3574,"href":"https:\/\/agora.xtec.cat\/instarragona\/wp-json\/wp\/v2\/posts\/3527\/revisions\/3574"}],"wp:featuredmedia":[{"embeddable":true,"href":"https:\/\/agora.xtec.cat\/instarragona\/wp-json\/wp\/v2\/media\/3530"}],"wp:attachment":[{"href":"https:\/\/agora.xtec.cat\/instarragona\/wp-json\/wp\/v2\/media?parent=3527"}],"wp:term":[{"taxonomy":"category","embeddable":true,"href":"https:\/\/agora.xtec.cat\/instarragona\/wp-json\/wp\/v2\/categories?post=3527"},{"taxonomy":"post_tag","embeddable":true,"href":"https:\/\/agora.xtec.cat\/instarragona\/wp-json\/wp\/v2\/tags?post=3527"}],"curies":[{"name":"wp","href":"https:\/\/api.w.org\/{rel}","templated":true}]}}