{"id":3463,"date":"2022-06-28T09:07:52","date_gmt":"2022-06-28T07:07:52","guid":{"rendered":"https:\/\/agora.xtec.cat\/instarragona\/?p=3463"},"modified":"2022-06-29T10:13:00","modified_gmt":"2022-06-29T08:13:00","slug":"k1-acabat-i-a-punt-pel-seguent","status":"publish","type":"post","link":"https:\/\/agora.xtec.cat\/instarragona\/portada\/k1-acabat-i-a-punt-pel-seguent\/","title":{"rendered":"K1 acabat i a punt pel seg\u00fcent"},"content":{"rendered":"<p>Malgrat les dificultats i els endarreriments per la situaci\u00f3 de pand\u00e8mia, ho hem aconseguit! \u270c<\/p>\n<p>El nostre professorat va poder formar-se a l&#8217;estranger, durant l&#8217;estiu de 2021, amb diferents metodologies que ha pogut posar en pr\u00e0ctica durant aquest curs a l&#8217;aula.<\/p>\n<p>Us presentem la <strong><a href=\"https:\/\/sites.google.com\/xtec.cat\/upmaseurope\/inicio\" target=\"_blank\" rel=\"noopener\">web<\/a> <\/strong>final del projecte<\/p>\n<p><a href=\"https:\/\/sites.google.com\/xtec.cat\/upmaseurope\/inicio\" target=\"_blank\" rel=\"noopener\"><img loading=\"lazy\" decoding=\"async\" class=\"aligncenter wp-image-3464 size-full\" src=\"https:\/\/agora.xtec.cat\/instarragona\/wp-content\/uploads\/usu484\/2022\/06\/Captura-15.jpg\" alt=\"\" width=\"992\" height=\"417\" srcset=\"https:\/\/agora.xtec.cat\/instarragona\/wp-content\/uploads\/usu484\/2022\/06\/Captura-15.jpg 992w, https:\/\/agora.xtec.cat\/instarragona\/wp-content\/uploads\/usu484\/2022\/06\/Captura-15-300x126.jpg 300w, https:\/\/agora.xtec.cat\/instarragona\/wp-content\/uploads\/usu484\/2022\/06\/Captura-15-768x323.jpg 768w\" sizes=\"auto, (max-width: 992px) 100vw, 992px\" \/><\/a><\/p>\n<h4 style=\"text-align: center;\"><span style=\"color: #000080;\">Aquest projecte ha estat possible gr\u00e0cies al programa Erasmus+<\/span><\/h4>\n<p><img loading=\"lazy\" decoding=\"async\" class=\"aligncenter size-full wp-image-3391\" src=\"https:\/\/agora.xtec.cat\/instarragona\/wp-content\/uploads\/usu484\/2022\/06\/baixa.png\" alt=\"\" width=\"481\" height=\"105\" srcset=\"https:\/\/agora.xtec.cat\/instarragona\/wp-content\/uploads\/usu484\/2022\/06\/baixa.png 481w, https:\/\/agora.xtec.cat\/instarragona\/wp-content\/uploads\/usu484\/2022\/06\/baixa-300x65.png 300w\" sizes=\"auto, (max-width: 481px) 100vw, 481px\" \/><\/p>\n<p>&nbsp;<\/p>\n","protected":false},"excerpt":{"rendered":"<p>Malgrat les dificultats i els endarreriments per la situaci\u00f3 de pand\u00e8mia, ho hem aconseguit! \u270c<br \/>\nEl nostre professorat va poder formar-se a l&#8217;estranger, durant l&#8217;estiu de 2021, amb diferents metodologies que ha pogut posar en pr\u00e0ctica durant aquest curs a l&#8217;aula.<br \/>\nUs presentem la <a href=\"https:\/\/sites.google.com\/xtec.cat\/upmaseurope\/inicio\" target=\"_blank\"&hellip;  <a href=\"https:\/\/agora.xtec.cat\/instarragona\/portada\/k1-acabat-i-a-punt-pel-seguent\/\" title=\"Read K1 acabat i a punt pel seg\u00fcent\">Llegeix m\u00e9s\u00bb<\/a><\/p>\n","protected":false},"author":1,"featured_media":0,"comment_status":"open","ping_status":"closed","sticky":false,"template":"","format":"standard","meta":{"_bbp_topic_count":0,"_bbp_reply_count":0,"_bbp_total_topic_count":0,"_bbp_total_reply_count":0,"_bbp_voice_count":0,"_bbp_anonymous_reply_count":0,"_bbp_topic_count_hidden":0,"_bbp_reply_count_hidden":0,"_bbp_forum_subforum_count":0,"footnotes":""},"categories":[29,100],"tags":[143,101],"class_list":["post-3463","post","type-post","status-publish","format-standard","hentry","category-portada","category-projectes","tag-erasmus-k1","tag-erasmus"],"post_mailing_queue_ids":[],"_links":{"self":[{"href":"https:\/\/agora.xtec.cat\/instarragona\/wp-json\/wp\/v2\/posts\/3463","targetHints":{"allow":["GET"]}}],"collection":[{"href":"https:\/\/agora.xtec.cat\/instarragona\/wp-json\/wp\/v2\/posts"}],"about":[{"href":"https:\/\/agora.xtec.cat\/instarragona\/wp-json\/wp\/v2\/types\/post"}],"author":[{"embeddable":true,"href":"https:\/\/agora.xtec.cat\/instarragona\/wp-json\/wp\/v2\/users\/1"}],"replies":[{"embeddable":true,"href":"https:\/\/agora.xtec.cat\/instarragona\/wp-json\/wp\/v2\/comments?post=3463"}],"version-history":[{"count":3,"href":"https:\/\/agora.xtec.cat\/instarragona\/wp-json\/wp\/v2\/posts\/3463\/revisions"}],"predecessor-version":[{"id":3475,"href":"https:\/\/agora.xtec.cat\/instarragona\/wp-json\/wp\/v2\/posts\/3463\/revisions\/3475"}],"wp:attachment":[{"href":"https:\/\/agora.xtec.cat\/instarragona\/wp-json\/wp\/v2\/media?parent=3463"}],"wp:term":[{"taxonomy":"category","embeddable":true,"href":"https:\/\/agora.xtec.cat\/instarragona\/wp-json\/wp\/v2\/categories?post=3463"},{"taxonomy":"post_tag","embeddable":true,"href":"https:\/\/agora.xtec.cat\/instarragona\/wp-json\/wp\/v2\/tags?post=3463"}],"curies":[{"name":"wp","href":"https:\/\/api.w.org\/{rel}","templated":true}]}}