{"id":3387,"date":"2022-06-16T08:55:27","date_gmt":"2022-06-16T06:55:27","guid":{"rendered":"https:\/\/agora.xtec.cat\/instarragona\/?p=3387"},"modified":"2022-06-16T08:59:50","modified_gmt":"2022-06-16T06:59:50","slug":"tanquem-la-mobilitat-amb-lescola-francesa","status":"publish","type":"post","link":"https:\/\/agora.xtec.cat\/instarragona\/portada\/tanquem-la-mobilitat-amb-lescola-francesa\/","title":{"rendered":"Tanquem la mobilitat amb l&#8217;escola francesa"},"content":{"rendered":"<p>Fa uns dies us present\u00e0vem l&#8217;intercanvi que hav\u00edem comen\u00e7art dins del Projecte Erasmus+ <strong><a href=\"https:\/\/sites.google.com\/xtec.cat\/air-quality-project\/inicio\" target=\"_blank\" rel=\"noopener\">&#8220;Air Quality&#8221;<\/a><\/strong>.<\/p>\n<p><img loading=\"lazy\" decoding=\"async\" class=\"aligncenter size-full wp-image-3339\" src=\"https:\/\/agora.xtec.cat\/instarragona\/wp-content\/uploads\/usu484\/2022\/06\/Captura-1.png\" alt=\"\" width=\"1406\" height=\"787\" srcset=\"https:\/\/agora.xtec.cat\/instarragona\/wp-content\/uploads\/usu484\/2022\/06\/Captura-1.png 1406w, https:\/\/agora.xtec.cat\/instarragona\/wp-content\/uploads\/usu484\/2022\/06\/Captura-1-300x168.png 300w, https:\/\/agora.xtec.cat\/instarragona\/wp-content\/uploads\/usu484\/2022\/06\/Captura-1-1024x573.png 1024w, https:\/\/agora.xtec.cat\/instarragona\/wp-content\/uploads\/usu484\/2022\/06\/Captura-1-768x430.png 768w\" sizes=\"auto, (max-width: 1406px) 100vw, 1406px\" \/><\/p>\n<p>Estem molt, molt contents de com ha anat tot plegat. El grup ha estat magn\u00edfic, des del primer moment han cohesionat en tots els sentits i la feina ha sortit!<\/p>\n<p><img loading=\"lazy\" decoding=\"async\" class=\"aligncenter size-full wp-image-3389\" src=\"https:\/\/agora.xtec.cat\/instarragona\/wp-content\/uploads\/usu484\/2022\/06\/Captura-9.jpg\" alt=\"\" width=\"715\" height=\"485\" srcset=\"https:\/\/agora.xtec.cat\/instarragona\/wp-content\/uploads\/usu484\/2022\/06\/Captura-9.jpg 715w, https:\/\/agora.xtec.cat\/instarragona\/wp-content\/uploads\/usu484\/2022\/06\/Captura-9-300x203.jpg 300w\" sizes=\"auto, (max-width: 715px) 100vw, 715px\" \/><\/p>\n<p><img loading=\"lazy\" decoding=\"async\" class=\"aligncenter size-full wp-image-3390\" src=\"https:\/\/agora.xtec.cat\/instarragona\/wp-content\/uploads\/usu484\/2022\/06\/Captura-10.jpg\" alt=\"\" width=\"709\" height=\"459\" srcset=\"https:\/\/agora.xtec.cat\/instarragona\/wp-content\/uploads\/usu484\/2022\/06\/Captura-10.jpg 709w, https:\/\/agora.xtec.cat\/instarragona\/wp-content\/uploads\/usu484\/2022\/06\/Captura-10-300x194.jpg 300w\" sizes=\"auto, (max-width: 709px) 100vw, 709px\" \/><\/p>\n<p>Enlla\u00e7 al <strong><a href=\"https:\/\/www.diaridetarragona.com\/tarragona\/coches-vs-arboles-las-cuentas-no-cuadran-PA11221970\" target=\"_blank\" rel=\"noopener\">diari digital<\/a><\/strong>.<\/p>\n<p>Aqu\u00ed trobareu algunes de les <strong><a href=\"https:\/\/drive.google.com\/drive\/folders\/1s954Jb1AyiM1c-RZXjGiDMGS6l-ojPTv?usp=sharing\" target=\"_blank\" rel=\"noopener\">imatges<\/a><\/strong> de les diferents activitats.<\/p>\n<p>&nbsp;<\/p>\n<p><img loading=\"lazy\" decoding=\"async\" class=\"aligncenter wp-image-3391\" src=\"https:\/\/agora.xtec.cat\/instarragona\/wp-content\/uploads\/usu484\/2022\/06\/baixa.png\" alt=\"\" width=\"467\" height=\"102\" srcset=\"https:\/\/agora.xtec.cat\/instarragona\/wp-content\/uploads\/usu484\/2022\/06\/baixa.png 481w, https:\/\/agora.xtec.cat\/instarragona\/wp-content\/uploads\/usu484\/2022\/06\/baixa-300x65.png 300w\" sizes=\"auto, (max-width: 467px) 100vw, 467px\" \/><\/p>\n","protected":false},"excerpt":{"rendered":"<p>Fa uns dies us present\u00e0vem l&#8217;intercanvi que hav\u00edem comen\u00e7art dins del Projecte Erasmus+ <a href=\"https:\/\/sites.google.com\/xtec.cat\/air-quality-project\/inicio\" target=\"_blank\" rel=\"noopener\">&#8220;Air Quality&#8221;<\/a>.<\/p>\n<p>Estem molt, molt contents de com ha anat tot plegat. El grup ha estat magn\u00edfic, des del primer moment han cohesionat en tots els sentits i la feina&hellip;  <a href=\"https:\/\/agora.xtec.cat\/instarragona\/portada\/tanquem-la-mobilitat-amb-lescola-francesa\/\" title=\"Read Tanquem la mobilitat amb l&#8217;escola francesa\">Llegeix m\u00e9s\u00bb<\/a><\/p>\n","protected":false},"author":1,"featured_media":3339,"comment_status":"open","ping_status":"closed","sticky":false,"template":"","format":"standard","meta":{"_bbp_topic_count":0,"_bbp_reply_count":0,"_bbp_total_topic_count":0,"_bbp_total_reply_count":0,"_bbp_voice_count":0,"_bbp_anonymous_reply_count":0,"_bbp_topic_count_hidden":0,"_bbp_reply_count_hidden":0,"_bbp_forum_subforum_count":0,"footnotes":""},"categories":[29,100],"tags":[146,145,101],"class_list":["post-3387","post","type-post","status-publish","format-standard","has-post-thumbnail","hentry","category-portada","category-projectes","tag-e-air-quality","tag-erasmus-acretitation","tag-erasmus"],"post_mailing_queue_ids":[],"_links":{"self":[{"href":"https:\/\/agora.xtec.cat\/instarragona\/wp-json\/wp\/v2\/posts\/3387","targetHints":{"allow":["GET"]}}],"collection":[{"href":"https:\/\/agora.xtec.cat\/instarragona\/wp-json\/wp\/v2\/posts"}],"about":[{"href":"https:\/\/agora.xtec.cat\/instarragona\/wp-json\/wp\/v2\/types\/post"}],"author":[{"embeddable":true,"href":"https:\/\/agora.xtec.cat\/instarragona\/wp-json\/wp\/v2\/users\/1"}],"replies":[{"embeddable":true,"href":"https:\/\/agora.xtec.cat\/instarragona\/wp-json\/wp\/v2\/comments?post=3387"}],"version-history":[{"count":2,"href":"https:\/\/agora.xtec.cat\/instarragona\/wp-json\/wp\/v2\/posts\/3387\/revisions"}],"predecessor-version":[{"id":3393,"href":"https:\/\/agora.xtec.cat\/instarragona\/wp-json\/wp\/v2\/posts\/3387\/revisions\/3393"}],"wp:featuredmedia":[{"embeddable":true,"href":"https:\/\/agora.xtec.cat\/instarragona\/wp-json\/wp\/v2\/media\/3339"}],"wp:attachment":[{"href":"https:\/\/agora.xtec.cat\/instarragona\/wp-json\/wp\/v2\/media?parent=3387"}],"wp:term":[{"taxonomy":"category","embeddable":true,"href":"https:\/\/agora.xtec.cat\/instarragona\/wp-json\/wp\/v2\/categories?post=3387"},{"taxonomy":"post_tag","embeddable":true,"href":"https:\/\/agora.xtec.cat\/instarragona\/wp-json\/wp\/v2\/tags?post=3387"}],"curies":[{"name":"wp","href":"https:\/\/api.w.org\/{rel}","templated":true}]}}