{"id":3377,"date":"2022-06-16T07:36:44","date_gmt":"2022-06-16T05:36:44","guid":{"rendered":"https:\/\/agora.xtec.cat\/instarragona\/?p=3377"},"modified":"2022-06-16T07:37:47","modified_gmt":"2022-06-16T05:37:47","slug":"apropat-al-mon-del-llop","status":"publish","type":"post","link":"https:\/\/agora.xtec.cat\/instarragona\/eso\/eso-1\/apropat-al-mon-del-llop\/","title":{"rendered":"Apropa\u2019t al llop"},"content":{"rendered":"<p>Els alumnes de 1r d&#8217;ESO van anar d\u2019excursi\u00f3 al <strong><a href=\"https:\/\/www.parcdegualba.cat\/escoles-i-casals\/taller-amb-llops\/\" target=\"_blank\" rel=\"noopener\">Parc Mediambiental de Gualba<\/a><\/strong> (Montseny) per participar a la campanya de divulgaci\u00f3 i sensibilitzaci\u00f3 dels llops com a clau important\u00edssima en les xarxes tr\u00f2fiques dels ecosistemes.<\/p>\n<p>Molt sovint el llop t\u00e9 mala premsa. El taller ens va permetre trencar amb els estereotips i els mites al voltant d&#8217;aquest magn\u00edfic animal depredador.<\/p>\n<p><img loading=\"lazy\" decoding=\"async\" class=\"aligncenter size-full wp-image-3378\" src=\"https:\/\/agora.xtec.cat\/instarragona\/wp-content\/uploads\/usu484\/2022\/06\/Captura-de-pantalla-2022-06-16-073432.png\" alt=\"\" width=\"793\" height=\"561\" srcset=\"https:\/\/agora.xtec.cat\/instarragona\/wp-content\/uploads\/usu484\/2022\/06\/Captura-de-pantalla-2022-06-16-073432.png 793w, https:\/\/agora.xtec.cat\/instarragona\/wp-content\/uploads\/usu484\/2022\/06\/Captura-de-pantalla-2022-06-16-073432-300x212.png 300w, https:\/\/agora.xtec.cat\/instarragona\/wp-content\/uploads\/usu484\/2022\/06\/Captura-de-pantalla-2022-06-16-073432-768x543.png 768w\" sizes=\"auto, (max-width: 793px) 100vw, 793px\" \/><\/p>\n<p><strong><a href=\"https:\/\/drive.google.com\/drive\/folders\/1qeOEUiBL7DfWcDcO3sBfyGgRmbzt5cHH?usp=sharing\" target=\"_blank\" rel=\"noopener\">M\u00e9s imatges.<\/a><\/strong><\/p>\n<p>&nbsp;<\/p>\n<p>&nbsp;<\/p>\n","protected":false},"excerpt":{"rendered":"<p>Els alumnes de 1r d&#8217;ESO van anar d\u2019excursi\u00f3 al <a href=\"https:\/\/www.parcdegualba.cat\/escoles-i-casals\/taller-amb-llops\/\" target=\"_blank\" rel=\"noopener\">Parc Mediambiental de Gualba<\/a> (Montseny) per participar a la campanya de divulgaci\u00f3 i sensibilitzaci\u00f3 dels llops com a clau important\u00edssima en les xarxes tr\u00f2fiques dels ecosistemes.<br \/>\nMolt sovint el llop t\u00e9 mala premsa. El&hellip;  <a href=\"https:\/\/agora.xtec.cat\/instarragona\/eso\/eso-1\/apropat-al-mon-del-llop\/\" title=\"Read Apropa\u2019t al llop\">Llegeix m\u00e9s\u00bb<\/a><\/p>\n","protected":false},"author":1,"featured_media":3378,"comment_status":"open","ping_status":"closed","sticky":false,"template":"","format":"standard","meta":{"_bbp_topic_count":0,"_bbp_reply_count":0,"_bbp_total_topic_count":0,"_bbp_total_reply_count":0,"_bbp_voice_count":0,"_bbp_anonymous_reply_count":0,"_bbp_topic_count_hidden":0,"_bbp_reply_count_hidden":0,"_bbp_forum_subforum_count":0,"footnotes":""},"categories":[4,29],"tags":[116,39],"class_list":["post-3377","post","type-post","status-publish","format-standard","has-post-thumbnail","hentry","category-eso-1","category-portada","tag-ciencies","tag-sortides"],"post_mailing_queue_ids":[],"_links":{"self":[{"href":"https:\/\/agora.xtec.cat\/instarragona\/wp-json\/wp\/v2\/posts\/3377","targetHints":{"allow":["GET"]}}],"collection":[{"href":"https:\/\/agora.xtec.cat\/instarragona\/wp-json\/wp\/v2\/posts"}],"about":[{"href":"https:\/\/agora.xtec.cat\/instarragona\/wp-json\/wp\/v2\/types\/post"}],"author":[{"embeddable":true,"href":"https:\/\/agora.xtec.cat\/instarragona\/wp-json\/wp\/v2\/users\/1"}],"replies":[{"embeddable":true,"href":"https:\/\/agora.xtec.cat\/instarragona\/wp-json\/wp\/v2\/comments?post=3377"}],"version-history":[{"count":3,"href":"https:\/\/agora.xtec.cat\/instarragona\/wp-json\/wp\/v2\/posts\/3377\/revisions"}],"predecessor-version":[{"id":3382,"href":"https:\/\/agora.xtec.cat\/instarragona\/wp-json\/wp\/v2\/posts\/3377\/revisions\/3382"}],"wp:featuredmedia":[{"embeddable":true,"href":"https:\/\/agora.xtec.cat\/instarragona\/wp-json\/wp\/v2\/media\/3378"}],"wp:attachment":[{"href":"https:\/\/agora.xtec.cat\/instarragona\/wp-json\/wp\/v2\/media?parent=3377"}],"wp:term":[{"taxonomy":"category","embeddable":true,"href":"https:\/\/agora.xtec.cat\/instarragona\/wp-json\/wp\/v2\/categories?post=3377"},{"taxonomy":"post_tag","embeddable":true,"href":"https:\/\/agora.xtec.cat\/instarragona\/wp-json\/wp\/v2\/tags?post=3377"}],"curies":[{"name":"wp","href":"https:\/\/api.w.org\/{rel}","templated":true}]}}