{"id":3365,"date":"2022-06-16T07:14:02","date_gmt":"2022-06-16T05:14:02","guid":{"rendered":"https:\/\/agora.xtec.cat\/instarragona\/?p=3365"},"modified":"2022-06-17T09:22:30","modified_gmt":"2022-06-17T07:22:30","slug":"repte-experimenta-22","status":"publish","type":"post","link":"https:\/\/agora.xtec.cat\/instarragona\/general\/repte-experimenta-22\/","title":{"rendered":"Repte Experimenta 22"},"content":{"rendered":"<p>El programa\u00a0<a href=\"https:\/\/www.repteexperimenta.cat\/\" target=\"_blank\" rel=\"noopener\" data-saferedirecturl=\"https:\/\/www.google.com\/url?q=https:\/\/www.repteexperimenta.cat\/&amp;source=gmail&amp;ust=1655288882973000&amp;usg=AOvVaw1eSg19TSkUWQmUqRZmyjSs\"><i>Repte Experimenta<\/i><\/a>, impulsat pel Campus Sescelades de la Universitat Rovira i Virgili (URV) adre\u00e7at a despertar vocacions cient\u00edfiques entre els alumnes de 1r i 2n d\u2019ESO ha tancat l\u2019edici\u00f3 d\u2019aquest curs amb l\u2019organitzaci\u00f3 de la Fira Experimenta i el lliurament dels Premis.<\/p>\n<p>Els padrins de la Universitat expliquen a l&#8217;ESO, els de l&#8217;ESO ho expliquen als menuts de prim\u00e0ria&#8230; tota una cadena de favors i de trasp\u00e0s del coneixement cient\u00edfic!<\/p>\n<p>Finalment, el p\u00fablic assistent va atorgar el Premi FECYT Experimenta a l\u2019equip que enlairant un coet amb bicarbonat i vinagre, els va fer entendre qu\u00e8 \u00e9s una reacci\u00f3 qu\u00edmica \u00e0cid-base.\u00a0Els nostres alumnes Pol de la Torre, Adri\u00e0 Mellado, \u00c8ric Ayats i Marc Valc\u00e1rcel van aconseguir ser els m\u00e9s votats pels nens i nenes assistents.<\/p>\n<p><a href=\"https:\/\/youtube.com\/shorts\/ieD_iQlDuaU?feature=share\" target=\"_blank\" rel=\"noopener\"><img loading=\"lazy\" decoding=\"async\" class=\"alignleft wp-image-3369\" src=\"https:\/\/agora.xtec.cat\/instarragona\/wp-content\/uploads\/usu484\/2022\/06\/Captura-de-pantalla-2022-06-16-070911.png\" alt=\"\" width=\"303\" height=\"430\" srcset=\"https:\/\/agora.xtec.cat\/instarragona\/wp-content\/uploads\/usu484\/2022\/06\/Captura-de-pantalla-2022-06-16-070911.png 463w, https:\/\/agora.xtec.cat\/instarragona\/wp-content\/uploads\/usu484\/2022\/06\/Captura-de-pantalla-2022-06-16-070911-211x300.png 211w\" sizes=\"auto, (max-width: 303px) 100vw, 303px\" \/><\/a><\/p>\n<p>&nbsp;<\/p>\n<p>Moltes felicitats a tots, campions!!<\/p>\n<p><strong><a href=\"https:\/\/drive.google.com\/drive\/folders\/1shcUso5SXWjhTdYdCaDYxSXpU88mJCfk?usp=sharing\">Moltes m\u00e9s imatges<\/a><\/strong> de la jornada.<\/p>\n<p>&nbsp;<\/p>\n<p>&nbsp;<\/p>\n<p><a href=\"https:\/\/youtube.com\/shorts\/8N-yAUItQ1c?feature=share\" target=\"_blank\" rel=\"noopener\"><img loading=\"lazy\" decoding=\"async\" class=\"aligncenter wp-image-3371\" src=\"https:\/\/agora.xtec.cat\/instarragona\/wp-content\/uploads\/usu484\/2022\/06\/Captura-de-pantalla-2022-06-16-070945.png\" alt=\"\" width=\"291\" height=\"424\" srcset=\"https:\/\/agora.xtec.cat\/instarragona\/wp-content\/uploads\/usu484\/2022\/06\/Captura-de-pantalla-2022-06-16-070945.png 441w, https:\/\/agora.xtec.cat\/instarragona\/wp-content\/uploads\/usu484\/2022\/06\/Captura-de-pantalla-2022-06-16-070945-206x300.png 206w\" sizes=\"auto, (max-width: 291px) 100vw, 291px\" \/><\/a><\/p>\n<p><img loading=\"lazy\" decoding=\"async\" class=\"aligncenter size-full wp-image-3396\" src=\"https:\/\/agora.xtec.cat\/instarragona\/wp-content\/uploads\/usu484\/2022\/06\/IMG-20220615-WA0008.jpg\" alt=\"\" width=\"1024\" height=\"768\" srcset=\"https:\/\/agora.xtec.cat\/instarragona\/wp-content\/uploads\/usu484\/2022\/06\/IMG-20220615-WA0008.jpg 1024w, https:\/\/agora.xtec.cat\/instarragona\/wp-content\/uploads\/usu484\/2022\/06\/IMG-20220615-WA0008-300x225.jpg 300w, https:\/\/agora.xtec.cat\/instarragona\/wp-content\/uploads\/usu484\/2022\/06\/IMG-20220615-WA0008-768x576.jpg 768w, https:\/\/agora.xtec.cat\/instarragona\/wp-content\/uploads\/usu484\/2022\/06\/IMG-20220615-WA0008-200x150.jpg 200w\" sizes=\"auto, (max-width: 1024px) 100vw, 1024px\" \/><\/p>\n","protected":false},"excerpt":{"rendered":"<p>El programa\u00a0<a href=\"https:\/\/www.repteexperimenta.cat\/\" target=\"_blank\" rel=\"noopener\" data-saferedirecturl=\"https:\/\/www.google.com\/url?q=https:\/\/www.repteexperimenta.cat\/&amp;source=gmail&amp;ust=1655288882973000&amp;usg=AOvVaw1eSg19TSkUWQmUqRZmyjSs\">Repte Experimenta<\/a>, impulsat pel Campus Sescelades de la Universitat Rovira i Virgili (URV) adre\u00e7at a despertar vocacions cient\u00edfiques entre els alumnes de 1r i 2n d\u2019ESO ha tancat l\u2019edici\u00f3 d\u2019aquest curs amb l\u2019organitzaci\u00f3 de la Fira Experimenta i el lliurament&hellip;  <a href=\"https:\/\/agora.xtec.cat\/instarragona\/general\/repte-experimenta-22\/\" title=\"Read Repte Experimenta 22\">Llegeix m\u00e9s\u00bb<\/a><\/p>\n","protected":false},"author":1,"featured_media":3368,"comment_status":"open","ping_status":"closed","sticky":false,"template":"","format":"standard","meta":{"_bbp_topic_count":0,"_bbp_reply_count":0,"_bbp_total_topic_count":0,"_bbp_total_reply_count":0,"_bbp_voice_count":0,"_bbp_anonymous_reply_count":0,"_bbp_topic_count_hidden":0,"_bbp_reply_count_hidden":0,"_bbp_forum_subforum_count":0,"footnotes":""},"categories":[5,1,29],"tags":[116,110],"class_list":["post-3365","post","type-post","status-publish","format-standard","has-post-thumbnail","hentry","category-eso-2","category-general","category-portada","tag-ciencies","tag-tecnologia"],"post_mailing_queue_ids":[],"_links":{"self":[{"href":"https:\/\/agora.xtec.cat\/instarragona\/wp-json\/wp\/v2\/posts\/3365","targetHints":{"allow":["GET"]}}],"collection":[{"href":"https:\/\/agora.xtec.cat\/instarragona\/wp-json\/wp\/v2\/posts"}],"about":[{"href":"https:\/\/agora.xtec.cat\/instarragona\/wp-json\/wp\/v2\/types\/post"}],"author":[{"embeddable":true,"href":"https:\/\/agora.xtec.cat\/instarragona\/wp-json\/wp\/v2\/users\/1"}],"replies":[{"embeddable":true,"href":"https:\/\/agora.xtec.cat\/instarragona\/wp-json\/wp\/v2\/comments?post=3365"}],"version-history":[{"count":3,"href":"https:\/\/agora.xtec.cat\/instarragona\/wp-json\/wp\/v2\/posts\/3365\/revisions"}],"predecessor-version":[{"id":3399,"href":"https:\/\/agora.xtec.cat\/instarragona\/wp-json\/wp\/v2\/posts\/3365\/revisions\/3399"}],"wp:featuredmedia":[{"embeddable":true,"href":"https:\/\/agora.xtec.cat\/instarragona\/wp-json\/wp\/v2\/media\/3368"}],"wp:attachment":[{"href":"https:\/\/agora.xtec.cat\/instarragona\/wp-json\/wp\/v2\/media?parent=3365"}],"wp:term":[{"taxonomy":"category","embeddable":true,"href":"https:\/\/agora.xtec.cat\/instarragona\/wp-json\/wp\/v2\/categories?post=3365"},{"taxonomy":"post_tag","embeddable":true,"href":"https:\/\/agora.xtec.cat\/instarragona\/wp-json\/wp\/v2\/tags?post=3365"}],"curies":[{"name":"wp","href":"https:\/\/api.w.org\/{rel}","templated":true}]}}