{"id":3362,"date":"2022-06-14T13:20:45","date_gmt":"2022-06-14T11:20:45","guid":{"rendered":"https:\/\/agora.xtec.cat\/instarragona\/?p=3362"},"modified":"2022-06-14T13:21:09","modified_gmt":"2022-06-14T11:21:09","slug":"concert-fi-de-curs-a-laula-de-musica","status":"publish","type":"post","link":"https:\/\/agora.xtec.cat\/instarragona\/general\/concert-fi-de-curs-a-laula-de-musica\/","title":{"rendered":"Concert fi de curs a l&#8217;aula de m\u00fasica"},"content":{"rendered":"<p>Els alumnes\u00a0 de 1r d&#8217;ESO acomiaden la mat\u00e8ria de m\u00fasica amb mostres musicals en format de petit concert. En aquesta activitat els alumnes han interpretat amb el piano i veu petites obres que han creat ells mateixos amb l&#8217;activitat &#8220;Fem de compositors&#8221;. Tamb\u00e9 hem gaudit de la interpretaci\u00f3 dels alumnes que volunt\u00e0riament han volgut participar amb el seu instrument.<\/p>\n<p><img loading=\"lazy\" decoding=\"async\" class=\"aligncenter size-full wp-image-3363\" src=\"https:\/\/agora.xtec.cat\/instarragona\/wp-content\/uploads\/usu484\/2022\/06\/captura-7.jpg\" alt=\"\" width=\"496\" height=\"358\" srcset=\"https:\/\/agora.xtec.cat\/instarragona\/wp-content\/uploads\/usu484\/2022\/06\/captura-7.jpg 496w, https:\/\/agora.xtec.cat\/instarragona\/wp-content\/uploads\/usu484\/2022\/06\/captura-7-300x217.jpg 300w\" sizes=\"auto, (max-width: 496px) 100vw, 496px\" \/><\/p>\n<p><a href=\"https:\/\/drive.google.com\/drive\/folders\/1iy82fcS9OyKEOEcxjVbJUxpk1XqPM2JF?usp=sharing\" target=\"_blank\" rel=\"noopener\">Totes<\/a> les participacions. Gr\u00e0cies!<\/p>\n","protected":false},"excerpt":{"rendered":"<p>Els alumnes\u00a0 de 1r d&#8217;ESO acomiaden la mat\u00e8ria de m\u00fasica amb mostres musicals en format de petit concert. En aquesta activitat els alumnes han interpretat amb el piano i veu petites obres que han creat ells mateixos amb l&#8217;activitat &#8220;Fem de compositors&#8221;. Tamb\u00e9 hem gaudit&hellip;  <a href=\"https:\/\/agora.xtec.cat\/instarragona\/general\/concert-fi-de-curs-a-laula-de-musica\/\" title=\"Read Concert fi de curs a l&#8217;aula de m\u00fasica\">Llegeix m\u00e9s\u00bb<\/a><\/p>\n","protected":false},"author":1,"featured_media":3363,"comment_status":"open","ping_status":"closed","sticky":false,"template":"","format":"standard","meta":{"_bbp_topic_count":0,"_bbp_reply_count":0,"_bbp_total_topic_count":0,"_bbp_total_reply_count":0,"_bbp_voice_count":0,"_bbp_anonymous_reply_count":0,"_bbp_topic_count_hidden":0,"_bbp_reply_count_hidden":0,"_bbp_forum_subforum_count":0,"footnotes":""},"categories":[4,1,29],"tags":[111],"class_list":["post-3362","post","type-post","status-publish","format-standard","has-post-thumbnail","hentry","category-eso-1","category-general","category-portada","tag-musica"],"post_mailing_queue_ids":[],"_links":{"self":[{"href":"https:\/\/agora.xtec.cat\/instarragona\/wp-json\/wp\/v2\/posts\/3362","targetHints":{"allow":["GET"]}}],"collection":[{"href":"https:\/\/agora.xtec.cat\/instarragona\/wp-json\/wp\/v2\/posts"}],"about":[{"href":"https:\/\/agora.xtec.cat\/instarragona\/wp-json\/wp\/v2\/types\/post"}],"author":[{"embeddable":true,"href":"https:\/\/agora.xtec.cat\/instarragona\/wp-json\/wp\/v2\/users\/1"}],"replies":[{"embeddable":true,"href":"https:\/\/agora.xtec.cat\/instarragona\/wp-json\/wp\/v2\/comments?post=3362"}],"version-history":[{"count":1,"href":"https:\/\/agora.xtec.cat\/instarragona\/wp-json\/wp\/v2\/posts\/3362\/revisions"}],"predecessor-version":[{"id":3364,"href":"https:\/\/agora.xtec.cat\/instarragona\/wp-json\/wp\/v2\/posts\/3362\/revisions\/3364"}],"wp:featuredmedia":[{"embeddable":true,"href":"https:\/\/agora.xtec.cat\/instarragona\/wp-json\/wp\/v2\/media\/3363"}],"wp:attachment":[{"href":"https:\/\/agora.xtec.cat\/instarragona\/wp-json\/wp\/v2\/media?parent=3362"}],"wp:term":[{"taxonomy":"category","embeddable":true,"href":"https:\/\/agora.xtec.cat\/instarragona\/wp-json\/wp\/v2\/categories?post=3362"},{"taxonomy":"post_tag","embeddable":true,"href":"https:\/\/agora.xtec.cat\/instarragona\/wp-json\/wp\/v2\/tags?post=3362"}],"curies":[{"name":"wp","href":"https:\/\/api.w.org\/{rel}","templated":true}]}}