{"id":3326,"date":"2022-06-03T12:37:03","date_gmt":"2022-06-03T10:37:03","guid":{"rendered":"https:\/\/agora.xtec.cat\/instarragona\/?p=3326"},"modified":"2022-06-03T12:38:41","modified_gmt":"2022-06-03T10:38:41","slug":"la","status":"publish","type":"post","link":"https:\/\/agora.xtec.cat\/instarragona\/eso\/eso-4\/la\/","title":{"rendered":"La cuina del SIEI"},"content":{"rendered":"<p>Els alumnes del SIEI de l&#8217;Institut Tarragona s&#8217;han posat a la pell dels cuiners m\u00e9s espacialitzats.<\/p>\n<p>Aquest curs, han tingut l&#8217;oportunitat d&#8217;anar cada setmana a la cuina de l&#8217;<strong><a href=\"https:\/\/tarragonajove.org\/entitat\/espai-jove-kesse\/\" target=\"_blank\" rel=\"noopener\">&#8216;Espai Jove Kesse<\/a> <\/strong>(des d&#8217;aqu\u00ed agrair molt\u00edssim la seva implicaci\u00f3) i han fet receptes de tota mena. \ud83c\udf45\ud83c\udf4a\ud83c\udf60\ud83c\udf55\ud83c\udf54\u2615<\/p>\n<p>Gr\u00e0cies a l&#8217;Andreu podem gaudir d&#8217;aquest video que ens mostra un petit resum del que ha estat l&#8217;activitat,<\/p>\n<p>Sou uns cracks!! \ud83d\ude0d<\/p>\n<p><iframe loading=\"lazy\" title=\"YouTube video player\" src=\"https:\/\/www.youtube.com\/embed\/MQqQeRKCKKg\" width=\"560\" height=\"315\" frameborder=\"0\" allowfullscreen=\"allowfullscreen\"><\/iframe><\/p>\n","protected":false},"excerpt":{"rendered":"<p>Els alumnes del SIEI de l&#8217;Institut Tarragona s&#8217;han posat a la pell dels cuiners m\u00e9s espacialitzats.<br \/>\nAquest curs, han tingut l&#8217;oportunitat d&#8217;anar cada setmana a la cuina de l&#8217;<a href=\"https:\/\/tarragonajove.org\/entitat\/espai-jove-kesse\/\" target=\"_blank\" rel=\"noopener\">&#8216;Espai Jove Kesse<\/a> (des d&#8217;aqu\u00ed agrair molt\u00edssim la seva implicaci\u00f3) i han fet receptes de&hellip;  <a href=\"https:\/\/agora.xtec.cat\/instarragona\/eso\/eso-4\/la\/\" title=\"Read La cuina del SIEI\">Llegeix m\u00e9s\u00bb<\/a><\/p>\n","protected":false},"author":1,"featured_media":3327,"comment_status":"open","ping_status":"closed","sticky":false,"template":"","format":"standard","meta":{"_bbp_topic_count":0,"_bbp_reply_count":0,"_bbp_total_topic_count":0,"_bbp_total_reply_count":0,"_bbp_voice_count":0,"_bbp_anonymous_reply_count":0,"_bbp_topic_count_hidden":0,"_bbp_reply_count_hidden":0,"_bbp_forum_subforum_count":0,"footnotes":""},"categories":[7,29],"tags":[122],"class_list":["post-3326","post","type-post","status-publish","format-standard","has-post-thumbnail","hentry","category-eso-4","category-portada","tag-siei"],"post_mailing_queue_ids":[],"_links":{"self":[{"href":"https:\/\/agora.xtec.cat\/instarragona\/wp-json\/wp\/v2\/posts\/3326","targetHints":{"allow":["GET"]}}],"collection":[{"href":"https:\/\/agora.xtec.cat\/instarragona\/wp-json\/wp\/v2\/posts"}],"about":[{"href":"https:\/\/agora.xtec.cat\/instarragona\/wp-json\/wp\/v2\/types\/post"}],"author":[{"embeddable":true,"href":"https:\/\/agora.xtec.cat\/instarragona\/wp-json\/wp\/v2\/users\/1"}],"replies":[{"embeddable":true,"href":"https:\/\/agora.xtec.cat\/instarragona\/wp-json\/wp\/v2\/comments?post=3326"}],"version-history":[{"count":2,"href":"https:\/\/agora.xtec.cat\/instarragona\/wp-json\/wp\/v2\/posts\/3326\/revisions"}],"predecessor-version":[{"id":3329,"href":"https:\/\/agora.xtec.cat\/instarragona\/wp-json\/wp\/v2\/posts\/3326\/revisions\/3329"}],"wp:featuredmedia":[{"embeddable":true,"href":"https:\/\/agora.xtec.cat\/instarragona\/wp-json\/wp\/v2\/media\/3327"}],"wp:attachment":[{"href":"https:\/\/agora.xtec.cat\/instarragona\/wp-json\/wp\/v2\/media?parent=3326"}],"wp:term":[{"taxonomy":"category","embeddable":true,"href":"https:\/\/agora.xtec.cat\/instarragona\/wp-json\/wp\/v2\/categories?post=3326"},{"taxonomy":"post_tag","embeddable":true,"href":"https:\/\/agora.xtec.cat\/instarragona\/wp-json\/wp\/v2\/tags?post=3326"}],"curies":[{"name":"wp","href":"https:\/\/api.w.org\/{rel}","templated":true}]}}