{"id":3315,"date":"2022-06-03T09:43:14","date_gmt":"2022-06-03T07:43:14","guid":{"rendered":"https:\/\/agora.xtec.cat\/instarragona\/?p=3315"},"modified":"2022-06-03T09:44:26","modified_gmt":"2022-06-03T07:44:26","slug":"graduacio-de-2n-de-batxillerat","status":"publish","type":"post","link":"https:\/\/agora.xtec.cat\/instarragona\/batxillerat\/graduacio-de-2n-de-batxillerat\/","title":{"rendered":"Graduaci\u00f3 de 2n de Batxillerat"},"content":{"rendered":"<p>Els grans de la casa marxen!<\/p>\n<p>La gran majoria d&#8217;ells portaven ja sis anys amb nosaltres i cal dir que ha estat una promoci\u00f3 fant\u00e0stica!<\/p>\n<p>Com sempre, van apar\u00e8ixer records de tota mena i molt\u00edssimes an\u00e8cdotes. Esperem que l\u2019estada a l&#8217;Institut Tarragona hagi estat profitosa en tots en els sentits i que en guardeu un gran record.<\/p>\n<p>Els desitgem molta sort a tots i una vida meravellosa en tots els sentits. Us enyorarem!<\/p>\n<p><img loading=\"lazy\" decoding=\"async\" class=\"aligncenter size-full wp-image-3317\" src=\"https:\/\/agora.xtec.cat\/instarragona\/wp-content\/uploads\/usu484\/2022\/06\/Captura-1.jpg\" alt=\"\" width=\"573\" height=\"326\" srcset=\"https:\/\/agora.xtec.cat\/instarragona\/wp-content\/uploads\/usu484\/2022\/06\/Captura-1.jpg 573w, https:\/\/agora.xtec.cat\/instarragona\/wp-content\/uploads\/usu484\/2022\/06\/Captura-1-300x171.jpg 300w\" sizes=\"auto, (max-width: 573px) 100vw, 573px\" \/><\/p>\n<h4 style=\"text-align: center;\"><a href=\"https:\/\/drive.google.com\/drive\/folders\/1djYYLykd5tIkgUHa2wBADDW_QhF1e5d8?usp=sharing\" target=\"_blank\" rel=\"noopener\"><strong>MOLTES M\u00c9S IMATGES AQU\u00cd<\/strong><\/a><\/h4>\n<p>&nbsp;<\/p>\n","protected":false},"excerpt":{"rendered":"<p>Els grans de la casa marxen!<br \/>\nLa gran majoria d&#8217;ells portaven ja sis anys amb nosaltres i cal dir que ha estat una promoci\u00f3 fant\u00e0stica!<br \/>\nCom sempre, van apar\u00e8ixer records de tota mena i molt\u00edssimes an\u00e8cdotes. Esperem que l\u2019estada a l&#8217;Institut Tarragona hagi estat profitosa en tots&hellip;  <a href=\"https:\/\/agora.xtec.cat\/instarragona\/batxillerat\/graduacio-de-2n-de-batxillerat\/\" title=\"Read Graduaci\u00f3 de 2n de Batxillerat\">Llegeix m\u00e9s\u00bb<\/a><\/p>\n","protected":false},"author":1,"featured_media":3317,"comment_status":"open","ping_status":"closed","sticky":false,"template":"","format":"standard","meta":{"_bbp_topic_count":0,"_bbp_reply_count":0,"_bbp_total_topic_count":0,"_bbp_total_reply_count":0,"_bbp_voice_count":0,"_bbp_anonymous_reply_count":0,"_bbp_topic_count_hidden":0,"_bbp_reply_count_hidden":0,"_bbp_forum_subforum_count":0,"footnotes":""},"categories":[8,29],"tags":[97],"class_list":["post-3315","post","type-post","status-publish","format-standard","has-post-thumbnail","hentry","category-batxillerat","category-portada","tag-festes-i-activitats"],"post_mailing_queue_ids":[],"_links":{"self":[{"href":"https:\/\/agora.xtec.cat\/instarragona\/wp-json\/wp\/v2\/posts\/3315","targetHints":{"allow":["GET"]}}],"collection":[{"href":"https:\/\/agora.xtec.cat\/instarragona\/wp-json\/wp\/v2\/posts"}],"about":[{"href":"https:\/\/agora.xtec.cat\/instarragona\/wp-json\/wp\/v2\/types\/post"}],"author":[{"embeddable":true,"href":"https:\/\/agora.xtec.cat\/instarragona\/wp-json\/wp\/v2\/users\/1"}],"replies":[{"embeddable":true,"href":"https:\/\/agora.xtec.cat\/instarragona\/wp-json\/wp\/v2\/comments?post=3315"}],"version-history":[{"count":3,"href":"https:\/\/agora.xtec.cat\/instarragona\/wp-json\/wp\/v2\/posts\/3315\/revisions"}],"predecessor-version":[{"id":3320,"href":"https:\/\/agora.xtec.cat\/instarragona\/wp-json\/wp\/v2\/posts\/3315\/revisions\/3320"}],"wp:featuredmedia":[{"embeddable":true,"href":"https:\/\/agora.xtec.cat\/instarragona\/wp-json\/wp\/v2\/media\/3317"}],"wp:attachment":[{"href":"https:\/\/agora.xtec.cat\/instarragona\/wp-json\/wp\/v2\/media?parent=3315"}],"wp:term":[{"taxonomy":"category","embeddable":true,"href":"https:\/\/agora.xtec.cat\/instarragona\/wp-json\/wp\/v2\/categories?post=3315"},{"taxonomy":"post_tag","embeddable":true,"href":"https:\/\/agora.xtec.cat\/instarragona\/wp-json\/wp\/v2\/tags?post=3315"}],"curies":[{"name":"wp","href":"https:\/\/api.w.org\/{rel}","templated":true}]}}