{"id":3311,"date":"2022-06-03T09:57:02","date_gmt":"2022-06-03T07:57:02","guid":{"rendered":"https:\/\/agora.xtec.cat\/instarragona\/?p=3311"},"modified":"2022-06-03T09:59:47","modified_gmt":"2022-06-03T07:59:47","slug":"mobilitat-erasmus-a-dusseldorf%e2%80%8b","status":"publish","type":"post","link":"https:\/\/agora.xtec.cat\/instarragona\/portada\/mobilitat-erasmus-a-dusseldorf%e2%80%8b\/","title":{"rendered":"Mobilitat Erasmus a D\u00fcsseldorf\u200b"},"content":{"rendered":"<p>Fa uns dies que vam tornar de <strong>D\u00fcsseldorf<\/strong>\u200b\u00a0 amb les motxilles ben plenes en tots els sentits. Feina, aprenentatges, amics, emocions&#8230; Els alumnes de 4t d&#8217;ESO que van ser seleccionats per la participaci\u00f3 en aquest projecte van tenir la sort de gaudir-lo i molt!<\/p>\n<p>La visita es va realitzat dins del marc del programa Erasmus+ i el nom del projecte \u00e9s <span style=\"color: #008000;\"><strong>\u201cCLIMATE EMERGENCY IN EUROPE\u201d<\/strong><\/span><strong>, <\/strong>compartit tamb\u00e9 amb centres de <span style=\"color: #008000;\"><strong>Pol\u00f2nia, Alemanya i Finl\u00e0ndia.<\/strong><\/span><\/p>\n<p>A continuaci\u00f3 us ensenyem la feina que van presentar sobre la zona industrial a Tarragona, en angl\u00e8s, davant de gent &#8220;estranya&#8221;&#8230; Nois, noies, ho vau brodar!<\/p>\n<div style=\"text-align: center;\">\n<div style=\"margin: 8px 0px 4px;\"><a href=\"https:\/\/www.calameo.com\/books\/0070026354cb3b0f568a0\" target=\"_blank\" rel=\"noopener\"><strong>Industrial evolution in Tarragona<\/strong><\/a><\/div>\n<p><iframe loading=\"lazy\" style=\"margin: 0 auto;\" src=\"\/\/v.calameo.com\/?bkcode=0070026354cb3b0f568a0\" width=\"300\" height=\"194\" frameborder=\"0\" scrolling=\"no\" allowfullscreen=\"allowfullscreen\"><\/iframe><\/p>\n<p style=\"margin: 4px 0px 8px; text-align: left;\"><span style=\"font-family: inherit; font-size: 1em;\">Ens ho vam passar b\u00e9, per\u00f2 tamb\u00e9 vam aprendre molt sobre la temperatura a les ciutats i la import\u00e0ncia de la pres\u00e8ncia de la vegetaci\u00f3 per baixar la temperatura de les superf\u00edcies i estalviar energia. Amb una c\u00e0mera t\u00e8rmica vam mesurar i verificar aquestes difer\u00e8ncies. Tamb\u00e9 vam visitar D\u00fcsseldorf, on hi ha l&#8217;escola amfitriona, i al <\/span><strong style=\"font-family: inherit; font-size: 1em;\"><a href=\"https:\/\/www.gasometer.de\/en\">Gas\u00f2metre d&#8217;Oberhaus<\/a> <\/strong><span style=\"font-family: inherit; font-size: 1em;\">una magn\u00edfica exposici\u00f3 anomenada &#8220;<\/span><strong style=\"font-family: inherit; font-size: 1em;\">EL PARAD\u00cdS FR\u00c0GIL&#8221;<\/strong><span style=\"font-family: inherit; font-size: 1em;\"> sobre els efectes del canvi clim\u00e0tic.<\/span><\/p>\n<\/div>\n<p><strong>Hem d&#8217;actuar, hem de trobar el cam\u00ed, perqu\u00e8 les accions locals tenen un efecte global.<\/strong><\/p>\n<p>Les imatges de les diferents activitats les trobareu <strong><a href=\"https:\/\/drive.google.com\/drive\/folders\/11bRLsVLWuBJJIoIWqBQOkVuRZcXwJugo?usp=sharing\" target=\"_blank\" rel=\"noopener\">aqu\u00ed<\/a><\/strong>!<\/p>\n<p><img loading=\"lazy\" decoding=\"async\" class=\"aligncenter wp-image-3324\" src=\"https:\/\/agora.xtec.cat\/instarragona\/wp-content\/uploads\/usu484\/2022\/06\/Captura-2.jpg\" alt=\"\" width=\"630\" height=\"475\" srcset=\"https:\/\/agora.xtec.cat\/instarragona\/wp-content\/uploads\/usu484\/2022\/06\/Captura-2.jpg 578w, https:\/\/agora.xtec.cat\/instarragona\/wp-content\/uploads\/usu484\/2022\/06\/Captura-2-300x226.jpg 300w, https:\/\/agora.xtec.cat\/instarragona\/wp-content\/uploads\/usu484\/2022\/06\/Captura-2-200x150.jpg 200w\" sizes=\"auto, (max-width: 630px) 100vw, 630px\" \/><\/p>\n<p>&nbsp;<\/p>\n<p><img loading=\"lazy\" decoding=\"async\" class=\"aligncenter size-full wp-image-1596\" src=\"https:\/\/agora.xtec.cat\/instarragona\/wp-content\/uploads\/usu484\/2019\/02\/baixa.png\" alt=\"\" width=\"456\" height=\"110\" srcset=\"https:\/\/agora.xtec.cat\/instarragona\/wp-content\/uploads\/usu484\/2019\/02\/baixa.png 456w, https:\/\/agora.xtec.cat\/instarragona\/wp-content\/uploads\/usu484\/2019\/02\/baixa-300x72.png 300w\" sizes=\"auto, (max-width: 456px) 100vw, 456px\" \/><\/p>\n<p>&nbsp;<\/p>\n","protected":false},"excerpt":{"rendered":"<p>Fa uns dies que vam tornar de D\u00fcsseldorf\u200b\u00a0 amb les motxilles ben plenes en tots els sentits. Feina, aprenentatges, amics, emocions&#8230; Els alumnes de 4t d&#8217;ESO que van ser seleccionats per la participaci\u00f3 en aquest projecte van tenir la sort de gaudir-lo i molt!<br \/>\nLa visita&hellip;  <a href=\"https:\/\/agora.xtec.cat\/instarragona\/portada\/mobilitat-erasmus-a-dusseldorf%e2%80%8b\/\" title=\"Read Mobilitat Erasmus a D\u00fcsseldorf\u200b\">Llegeix m\u00e9s\u00bb<\/a><\/p>\n","protected":false},"author":1,"featured_media":3324,"comment_status":"open","ping_status":"closed","sticky":false,"template":"","format":"standard","meta":{"_bbp_topic_count":0,"_bbp_reply_count":0,"_bbp_total_topic_count":0,"_bbp_total_reply_count":0,"_bbp_voice_count":0,"_bbp_anonymous_reply_count":0,"_bbp_topic_count_hidden":0,"_bbp_reply_count_hidden":0,"_bbp_forum_subforum_count":0,"footnotes":""},"categories":[29,100],"tags":[132,101,99],"class_list":["post-3311","post","type-post","status-publish","format-standard","has-post-thumbnail","hentry","category-portada","category-projectes","tag-erasmus-k2-ec","tag-erasmus","tag-projectes"],"post_mailing_queue_ids":[],"_links":{"self":[{"href":"https:\/\/agora.xtec.cat\/instarragona\/wp-json\/wp\/v2\/posts\/3311","targetHints":{"allow":["GET"]}}],"collection":[{"href":"https:\/\/agora.xtec.cat\/instarragona\/wp-json\/wp\/v2\/posts"}],"about":[{"href":"https:\/\/agora.xtec.cat\/instarragona\/wp-json\/wp\/v2\/types\/post"}],"author":[{"embeddable":true,"href":"https:\/\/agora.xtec.cat\/instarragona\/wp-json\/wp\/v2\/users\/1"}],"replies":[{"embeddable":true,"href":"https:\/\/agora.xtec.cat\/instarragona\/wp-json\/wp\/v2\/comments?post=3311"}],"version-history":[{"count":3,"href":"https:\/\/agora.xtec.cat\/instarragona\/wp-json\/wp\/v2\/posts\/3311\/revisions"}],"predecessor-version":[{"id":3325,"href":"https:\/\/agora.xtec.cat\/instarragona\/wp-json\/wp\/v2\/posts\/3311\/revisions\/3325"}],"wp:featuredmedia":[{"embeddable":true,"href":"https:\/\/agora.xtec.cat\/instarragona\/wp-json\/wp\/v2\/media\/3324"}],"wp:attachment":[{"href":"https:\/\/agora.xtec.cat\/instarragona\/wp-json\/wp\/v2\/media?parent=3311"}],"wp:term":[{"taxonomy":"category","embeddable":true,"href":"https:\/\/agora.xtec.cat\/instarragona\/wp-json\/wp\/v2\/categories?post=3311"},{"taxonomy":"post_tag","embeddable":true,"href":"https:\/\/agora.xtec.cat\/instarragona\/wp-json\/wp\/v2\/tags?post=3311"}],"curies":[{"name":"wp","href":"https:\/\/api.w.org\/{rel}","templated":true}]}}