{"id":3307,"date":"2022-06-02T12:06:48","date_gmt":"2022-06-02T10:06:48","guid":{"rendered":"https:\/\/agora.xtec.cat\/instarragona\/?p=3307"},"modified":"2022-06-02T12:07:42","modified_gmt":"2022-06-02T10:07:42","slug":"taller-zero-waste","status":"publish","type":"post","link":"https:\/\/agora.xtec.cat\/instarragona\/portada\/taller-zero-waste\/","title":{"rendered":"Taller Zero Waste"},"content":{"rendered":"<p><strong><span style=\"color: #008000;\">RESIDUS ZERO<\/span><\/strong>, a favor!!!<\/p>\n<p>Qu\u00e8 faries amb pa sec, la pell de la llimona, alguns cigrons que van sobrar d&#8217;ahir, la fruita &#8220;tocada&#8221; o el pot del iogurt? Llen\u00e7ar-los? La resposta correcta \u00e9s no.<br \/>\nEls nostres alumnes del Projecte Global Scholars van aprendre ahir que gaireb\u00e9 tot \u00e9s pot aprofitar a la cuina.<\/p>\n<p>De la m\u00e0 de les expertes de l&#8217;<strong><a href=\"https:\/\/www.lespigador.com\/ca\/home\/\" target=\"_blank\" rel=\"noopener\">Espiga d&#8217;Or<\/a> <\/strong>van aprofundir en el concepte<strong> Zero Waste<\/strong> d&#8217;una manera pr\u00e0ctica. Va ser un <strong><a href=\"https:\/\/drive.google.com\/drive\/folders\/1-VRwIJ0zofGk5KGkSlu1y8ipGRGND2OA?usp=sharing\" target=\"_blank\" rel=\"noopener\">taller<\/a><\/strong> molt creatiu, que va acabar tastant un p\u00fading i un pat\u00e9 fets amb receptes d&#8217;aprofitament, tot bon\u00edssim!<\/p>\n<p><img loading=\"lazy\" decoding=\"async\" class=\"aligncenter size-full wp-image-3308\" src=\"https:\/\/agora.xtec.cat\/instarragona\/wp-content\/uploads\/usu484\/2022\/06\/Captura.jpg\" alt=\"\" width=\"1041\" height=\"754\" srcset=\"https:\/\/agora.xtec.cat\/instarragona\/wp-content\/uploads\/usu484\/2022\/06\/Captura.jpg 1041w, https:\/\/agora.xtec.cat\/instarragona\/wp-content\/uploads\/usu484\/2022\/06\/Captura-300x217.jpg 300w, https:\/\/agora.xtec.cat\/instarragona\/wp-content\/uploads\/usu484\/2022\/06\/Captura-1024x742.jpg 1024w, https:\/\/agora.xtec.cat\/instarragona\/wp-content\/uploads\/usu484\/2022\/06\/Captura-768x556.jpg 768w\" sizes=\"auto, (max-width: 1041px) 100vw, 1041px\" \/><\/p>\n<p>&nbsp;<\/p>\n<h4 style=\"text-align: center;\"><strong>ACTIVITAT REALITZADA DINS DEL PROJECTE:<\/strong><\/h4>\n<p><img loading=\"lazy\" decoding=\"async\" class=\"aligncenter size-full wp-image-3179\" src=\"https:\/\/agora.xtec.cat\/instarragona\/wp-content\/uploads\/usu484\/2022\/04\/LOGO_GS_2021-22_-Info-for-School-Website.png\" alt=\"\" width=\"10200\" height=\"2832\" srcset=\"https:\/\/agora.xtec.cat\/instarragona\/wp-content\/uploads\/usu484\/2022\/04\/LOGO_GS_2021-22_-Info-for-School-Website.png 10200w, https:\/\/agora.xtec.cat\/instarragona\/wp-content\/uploads\/usu484\/2022\/04\/LOGO_GS_2021-22_-Info-for-School-Website-300x83.png 300w, https:\/\/agora.xtec.cat\/instarragona\/wp-content\/uploads\/usu484\/2022\/04\/LOGO_GS_2021-22_-Info-for-School-Website-1024x284.png 1024w, https:\/\/agora.xtec.cat\/instarragona\/wp-content\/uploads\/usu484\/2022\/04\/LOGO_GS_2021-22_-Info-for-School-Website-768x213.png 768w, https:\/\/agora.xtec.cat\/instarragona\/wp-content\/uploads\/usu484\/2022\/04\/LOGO_GS_2021-22_-Info-for-School-Website-1536x426.png 1536w, https:\/\/agora.xtec.cat\/instarragona\/wp-content\/uploads\/usu484\/2022\/04\/LOGO_GS_2021-22_-Info-for-School-Website-2048x569.png 2048w\" sizes=\"auto, (max-width: 10200px) 100vw, 10200px\" \/><\/p>\n","protected":false},"excerpt":{"rendered":"<p>RESIDUS ZERO, a favor!!!<br \/>\nQu\u00e8 faries amb pa sec, la pell de la llimona, alguns cigrons que van sobrar d&#8217;ahir, la fruita &#8220;tocada&#8221; o el pot del iogurt? Llen\u00e7ar-los? La resposta correcta \u00e9s no.<br \/>\nEls nostres alumnes del Projecte Global Scholars van aprendre ahir que gaireb\u00e9 tot&hellip;  <a href=\"https:\/\/agora.xtec.cat\/instarragona\/portada\/taller-zero-waste\/\" title=\"Read Taller Zero Waste\">Llegeix m\u00e9s\u00bb<\/a><\/p>\n","protected":false},"author":1,"featured_media":3308,"comment_status":"open","ping_status":"closed","sticky":false,"template":"","format":"standard","meta":{"_bbp_topic_count":0,"_bbp_reply_count":0,"_bbp_total_topic_count":0,"_bbp_total_reply_count":0,"_bbp_voice_count":0,"_bbp_anonymous_reply_count":0,"_bbp_topic_count_hidden":0,"_bbp_reply_count_hidden":0,"_bbp_forum_subforum_count":0,"footnotes":""},"categories":[29,100],"tags":[141,99],"class_list":["post-3307","post","type-post","status-publish","format-standard","has-post-thumbnail","hentry","category-portada","category-projectes","tag-global-scholars","tag-projectes"],"post_mailing_queue_ids":[],"_links":{"self":[{"href":"https:\/\/agora.xtec.cat\/instarragona\/wp-json\/wp\/v2\/posts\/3307","targetHints":{"allow":["GET"]}}],"collection":[{"href":"https:\/\/agora.xtec.cat\/instarragona\/wp-json\/wp\/v2\/posts"}],"about":[{"href":"https:\/\/agora.xtec.cat\/instarragona\/wp-json\/wp\/v2\/types\/post"}],"author":[{"embeddable":true,"href":"https:\/\/agora.xtec.cat\/instarragona\/wp-json\/wp\/v2\/users\/1"}],"replies":[{"embeddable":true,"href":"https:\/\/agora.xtec.cat\/instarragona\/wp-json\/wp\/v2\/comments?post=3307"}],"version-history":[{"count":2,"href":"https:\/\/agora.xtec.cat\/instarragona\/wp-json\/wp\/v2\/posts\/3307\/revisions"}],"predecessor-version":[{"id":3310,"href":"https:\/\/agora.xtec.cat\/instarragona\/wp-json\/wp\/v2\/posts\/3307\/revisions\/3310"}],"wp:featuredmedia":[{"embeddable":true,"href":"https:\/\/agora.xtec.cat\/instarragona\/wp-json\/wp\/v2\/media\/3308"}],"wp:attachment":[{"href":"https:\/\/agora.xtec.cat\/instarragona\/wp-json\/wp\/v2\/media?parent=3307"}],"wp:term":[{"taxonomy":"category","embeddable":true,"href":"https:\/\/agora.xtec.cat\/instarragona\/wp-json\/wp\/v2\/categories?post=3307"},{"taxonomy":"post_tag","embeddable":true,"href":"https:\/\/agora.xtec.cat\/instarragona\/wp-json\/wp\/v2\/tags?post=3307"}],"curies":[{"name":"wp","href":"https:\/\/api.w.org\/{rel}","templated":true}]}}