{"id":3275,"date":"2022-05-23T10:28:57","date_gmt":"2022-05-23T08:28:57","guid":{"rendered":"https:\/\/agora.xtec.cat\/instarragona\/?p=3275"},"modified":"2022-05-23T10:31:39","modified_gmt":"2022-05-23T08:31:39","slug":"la-llegenda-de-la-casa-castellarnau","status":"publish","type":"post","link":"https:\/\/agora.xtec.cat\/instarragona\/general\/la-llegenda-de-la-casa-castellarnau\/","title":{"rendered":"La llegenda de la casa Castellarnau"},"content":{"rendered":"<p>L&#8217;alumnat del SIEI hem teatralitzat la Casa Castellarnau. Estem molt contents i esperem que us agradi! Ens ho hem passat mot b\u00e9 fent el gui\u00f3, fent d&#8217;actors i editant el v\u00eddeo. Una bona experi\u00e8ncia!<\/p>\n<p>&nbsp;<br \/>\n<iframe loading=\"lazy\" width=\"560\" height=\"315\" src=\"https:\/\/www.youtube.com\/embed\/ftOYo_L_73E\" title=\"YouTube video player\" frameborder=\"0\" allow=\"accelerometer; autoplay; clipboard-write; encrypted-media; gyroscope; picture-in-picture\" allowfullscreen><\/iframe><\/p>\n","protected":false},"excerpt":{"rendered":"<p>L&#8217;alumnat del SIEI hem teatralitzat la Casa Castellarnau. Estem molt contents i esperem que us agradi! Ens ho hem passat mot b\u00e9 fent el gui\u00f3, fent d&#8217;actors i editant el v\u00eddeo. Una bona experi\u00e8ncia!<br \/>\n&nbsp;<\/p>\n","protected":false},"author":1,"featured_media":0,"comment_status":"open","ping_status":"closed","sticky":false,"template":"","format":"standard","meta":{"_bbp_topic_count":0,"_bbp_reply_count":0,"_bbp_total_topic_count":0,"_bbp_total_reply_count":0,"_bbp_voice_count":0,"_bbp_anonymous_reply_count":0,"_bbp_topic_count_hidden":0,"_bbp_reply_count_hidden":0,"_bbp_forum_subforum_count":0,"footnotes":""},"categories":[1,29],"tags":[122],"class_list":["post-3275","post","type-post","status-publish","format-standard","hentry","category-general","category-portada","tag-siei"],"post_mailing_queue_ids":[],"_links":{"self":[{"href":"https:\/\/agora.xtec.cat\/instarragona\/wp-json\/wp\/v2\/posts\/3275","targetHints":{"allow":["GET"]}}],"collection":[{"href":"https:\/\/agora.xtec.cat\/instarragona\/wp-json\/wp\/v2\/posts"}],"about":[{"href":"https:\/\/agora.xtec.cat\/instarragona\/wp-json\/wp\/v2\/types\/post"}],"author":[{"embeddable":true,"href":"https:\/\/agora.xtec.cat\/instarragona\/wp-json\/wp\/v2\/users\/1"}],"replies":[{"embeddable":true,"href":"https:\/\/agora.xtec.cat\/instarragona\/wp-json\/wp\/v2\/comments?post=3275"}],"version-history":[{"count":2,"href":"https:\/\/agora.xtec.cat\/instarragona\/wp-json\/wp\/v2\/posts\/3275\/revisions"}],"predecessor-version":[{"id":3278,"href":"https:\/\/agora.xtec.cat\/instarragona\/wp-json\/wp\/v2\/posts\/3275\/revisions\/3278"}],"wp:attachment":[{"href":"https:\/\/agora.xtec.cat\/instarragona\/wp-json\/wp\/v2\/media?parent=3275"}],"wp:term":[{"taxonomy":"category","embeddable":true,"href":"https:\/\/agora.xtec.cat\/instarragona\/wp-json\/wp\/v2\/categories?post=3275"},{"taxonomy":"post_tag","embeddable":true,"href":"https:\/\/agora.xtec.cat\/instarragona\/wp-json\/wp\/v2\/tags?post=3275"}],"curies":[{"name":"wp","href":"https:\/\/api.w.org\/{rel}","templated":true}]}}