{"id":3227,"date":"2022-05-11T16:25:03","date_gmt":"2022-05-11T14:25:03","guid":{"rendered":"https:\/\/agora.xtec.cat\/instarragona\/?p=3227"},"modified":"2022-05-11T16:28:13","modified_gmt":"2022-05-11T14:28:13","slug":"proves-oficials-de-frances-i-alemany","status":"publish","type":"post","link":"https:\/\/agora.xtec.cat\/instarragona\/general\/proves-oficials-de-frances-i-alemany\/","title":{"rendered":"Proves oficials de franc\u00e8s i alemany"},"content":{"rendered":"<p>Els alumnes de franc\u00e8s i d&#8217;alemany del nostre centre s&#8217;han presentat, aquests darrers dies, als ex\u00e0mens oficials del DELF i del Goethe-Zertifikat a les instal\u00b7lacions de l&#8217;institut Gabriel Ferrater i Soler de Reus i al Goethe Institut de Barcelona respectivament .<\/p>\n<p>Aquestes proves, com \u00e9s habitual, consten de diferents parts: comprensi\u00f3 oral, comprensi\u00f3 lectora, producci\u00f3 escrita i conversa.<\/p>\n<p>Us desitgem molt\u00edssima sort a tots!<\/p>\n<p><img loading=\"lazy\" decoding=\"async\" class=\"aligncenter size-full wp-image-3228\" src=\"https:\/\/agora.xtec.cat\/instarragona\/wp-content\/uploads\/usu484\/2022\/05\/Captura-de-pantalla-2022-05-11-162416.png\" alt=\"\" width=\"886\" height=\"634\" srcset=\"https:\/\/agora.xtec.cat\/instarragona\/wp-content\/uploads\/usu484\/2022\/05\/Captura-de-pantalla-2022-05-11-162416.png 886w, https:\/\/agora.xtec.cat\/instarragona\/wp-content\/uploads\/usu484\/2022\/05\/Captura-de-pantalla-2022-05-11-162416-300x215.png 300w, https:\/\/agora.xtec.cat\/instarragona\/wp-content\/uploads\/usu484\/2022\/05\/Captura-de-pantalla-2022-05-11-162416-768x550.png 768w\" sizes=\"auto, (max-width: 886px) 100vw, 886px\" \/><\/p>\n<p>&nbsp;<\/p>\n","protected":false},"excerpt":{"rendered":"<p>Els alumnes de franc\u00e8s i d&#8217;alemany del nostre centre s&#8217;han presentat, aquests darrers dies, als ex\u00e0mens oficials del DELF i del Goethe-Zertifikat a les instal\u00b7lacions de l&#8217;institut Gabriel Ferrater i Soler de Reus i al Goethe Institut de Barcelona respectivament .<br \/>\nAquestes proves, com \u00e9s habitual,&hellip;  <a href=\"https:\/\/agora.xtec.cat\/instarragona\/general\/proves-oficials-de-frances-i-alemany\/\" title=\"Read Proves oficials de franc\u00e8s i alemany\">Llegeix m\u00e9s\u00bb<\/a><\/p>\n","protected":false},"author":1,"featured_media":3228,"comment_status":"open","ping_status":"closed","sticky":false,"template":"","format":"standard","meta":{"_bbp_topic_count":0,"_bbp_reply_count":0,"_bbp_total_topic_count":0,"_bbp_total_reply_count":0,"_bbp_voice_count":0,"_bbp_anonymous_reply_count":0,"_bbp_topic_count_hidden":0,"_bbp_reply_count_hidden":0,"_bbp_forum_subforum_count":0,"footnotes":""},"categories":[8,3,1,29],"tags":[137],"class_list":["post-3227","post","type-post","status-publish","format-standard","has-post-thumbnail","hentry","category-batxillerat","category-eso","category-general","category-portada","tag-llengues"],"post_mailing_queue_ids":[],"_links":{"self":[{"href":"https:\/\/agora.xtec.cat\/instarragona\/wp-json\/wp\/v2\/posts\/3227","targetHints":{"allow":["GET"]}}],"collection":[{"href":"https:\/\/agora.xtec.cat\/instarragona\/wp-json\/wp\/v2\/posts"}],"about":[{"href":"https:\/\/agora.xtec.cat\/instarragona\/wp-json\/wp\/v2\/types\/post"}],"author":[{"embeddable":true,"href":"https:\/\/agora.xtec.cat\/instarragona\/wp-json\/wp\/v2\/users\/1"}],"replies":[{"embeddable":true,"href":"https:\/\/agora.xtec.cat\/instarragona\/wp-json\/wp\/v2\/comments?post=3227"}],"version-history":[{"count":2,"href":"https:\/\/agora.xtec.cat\/instarragona\/wp-json\/wp\/v2\/posts\/3227\/revisions"}],"predecessor-version":[{"id":3230,"href":"https:\/\/agora.xtec.cat\/instarragona\/wp-json\/wp\/v2\/posts\/3227\/revisions\/3230"}],"wp:featuredmedia":[{"embeddable":true,"href":"https:\/\/agora.xtec.cat\/instarragona\/wp-json\/wp\/v2\/media\/3228"}],"wp:attachment":[{"href":"https:\/\/agora.xtec.cat\/instarragona\/wp-json\/wp\/v2\/media?parent=3227"}],"wp:term":[{"taxonomy":"category","embeddable":true,"href":"https:\/\/agora.xtec.cat\/instarragona\/wp-json\/wp\/v2\/categories?post=3227"},{"taxonomy":"post_tag","embeddable":true,"href":"https:\/\/agora.xtec.cat\/instarragona\/wp-json\/wp\/v2\/tags?post=3227"}],"curies":[{"name":"wp","href":"https:\/\/api.w.org\/{rel}","templated":true}]}}