{"id":3211,"date":"2022-05-03T10:04:04","date_gmt":"2022-05-03T08:04:04","guid":{"rendered":"https:\/\/agora.xtec.cat\/instarragona\/?p=3211"},"modified":"2022-05-03T10:04:04","modified_gmt":"2022-05-03T08:04:04","slug":"europe-direct","status":"publish","type":"post","link":"https:\/\/agora.xtec.cat\/instarragona\/batxillerat\/europe-direct\/","title":{"rendered":"Europe Direct"},"content":{"rendered":"<p>Els alumnes de 2n de BAT de Geografia van rebre la visita de la Marta Domenech de l&#8217;oficina <a href=\"https:\/\/europedirect.tarragona.cat\/\">Europe Direct<\/a> per parlar sobre la Uni\u00f3 Europa. Aquesta oficina \u00e9s el punt d\u2019informaci\u00f3 i assessorament que l\u2019Ajuntament de Tarragona t\u00e9 a disposici\u00f3 de la ciutadania des de l\u2019any 2009 per\u00a0<strong>tot all\u00f2 que est\u00e0 relacionat amb la Uni\u00f3 Europea<\/strong>.<\/p>\n<p>Durant una hora va parlar de la formaci\u00f3 de la UE, que significa ser europeu i quins avantatges suposa, quines s\u00f3n les seves institucions&#8230; Sempre en sentim a parlar i ha anat molt b\u00e9 aclarir idees sobre qu\u00e8 vol dir realment Europa i la Uni\u00f3 Europea.<\/p>\n<p><img loading=\"lazy\" decoding=\"async\" class=\"aligncenter size-full wp-image-3212\" src=\"https:\/\/agora.xtec.cat\/instarragona\/wp-content\/uploads\/usu484\/2022\/05\/Captura-3.jpg\" alt=\"\" width=\"545\" height=\"374\" srcset=\"https:\/\/agora.xtec.cat\/instarragona\/wp-content\/uploads\/usu484\/2022\/05\/Captura-3.jpg 545w, https:\/\/agora.xtec.cat\/instarragona\/wp-content\/uploads\/usu484\/2022\/05\/Captura-3-300x206.jpg 300w\" sizes=\"auto, (max-width: 545px) 100vw, 545px\" \/><\/p>\n<p>&nbsp;<\/p>\n<p>&nbsp;<\/p>\n","protected":false},"excerpt":{"rendered":"<p>Els alumnes de 2n de BAT de Geografia van rebre la visita de la Marta Domenech de l&#8217;oficina <a href=\"https:\/\/europedirect.tarragona.cat\/\">Europe Direct<\/a> per parlar sobre la Uni\u00f3 Europa. Aquesta oficina \u00e9s el punt d\u2019informaci\u00f3 i assessorament que l\u2019Ajuntament de Tarragona t\u00e9 a disposici\u00f3 de la ciutadania&hellip;  <a href=\"https:\/\/agora.xtec.cat\/instarragona\/batxillerat\/europe-direct\/\" title=\"Read Europe Direct\">Llegeix m\u00e9s\u00bb<\/a><\/p>\n","protected":false},"author":1,"featured_media":3212,"comment_status":"open","ping_status":"closed","sticky":false,"template":"","format":"standard","meta":{"_bbp_topic_count":0,"_bbp_reply_count":0,"_bbp_total_topic_count":0,"_bbp_total_reply_count":0,"_bbp_voice_count":0,"_bbp_anonymous_reply_count":0,"_bbp_topic_count_hidden":0,"_bbp_reply_count_hidden":0,"_bbp_forum_subforum_count":0,"footnotes":""},"categories":[8,29],"tags":[133],"class_list":["post-3211","post","type-post","status-publish","format-standard","has-post-thumbnail","hentry","category-batxillerat","category-portada","tag-geografia-i-historia"],"post_mailing_queue_ids":[],"_links":{"self":[{"href":"https:\/\/agora.xtec.cat\/instarragona\/wp-json\/wp\/v2\/posts\/3211","targetHints":{"allow":["GET"]}}],"collection":[{"href":"https:\/\/agora.xtec.cat\/instarragona\/wp-json\/wp\/v2\/posts"}],"about":[{"href":"https:\/\/agora.xtec.cat\/instarragona\/wp-json\/wp\/v2\/types\/post"}],"author":[{"embeddable":true,"href":"https:\/\/agora.xtec.cat\/instarragona\/wp-json\/wp\/v2\/users\/1"}],"replies":[{"embeddable":true,"href":"https:\/\/agora.xtec.cat\/instarragona\/wp-json\/wp\/v2\/comments?post=3211"}],"version-history":[{"count":1,"href":"https:\/\/agora.xtec.cat\/instarragona\/wp-json\/wp\/v2\/posts\/3211\/revisions"}],"predecessor-version":[{"id":3213,"href":"https:\/\/agora.xtec.cat\/instarragona\/wp-json\/wp\/v2\/posts\/3211\/revisions\/3213"}],"wp:featuredmedia":[{"embeddable":true,"href":"https:\/\/agora.xtec.cat\/instarragona\/wp-json\/wp\/v2\/media\/3212"}],"wp:attachment":[{"href":"https:\/\/agora.xtec.cat\/instarragona\/wp-json\/wp\/v2\/media?parent=3211"}],"wp:term":[{"taxonomy":"category","embeddable":true,"href":"https:\/\/agora.xtec.cat\/instarragona\/wp-json\/wp\/v2\/categories?post=3211"},{"taxonomy":"post_tag","embeddable":true,"href":"https:\/\/agora.xtec.cat\/instarragona\/wp-json\/wp\/v2\/tags?post=3211"}],"curies":[{"name":"wp","href":"https:\/\/api.w.org\/{rel}","templated":true}]}}