{"id":3206,"date":"2022-05-03T09:51:55","date_gmt":"2022-05-03T07:51:55","guid":{"rendered":"https:\/\/agora.xtec.cat\/instarragona\/?p=3206"},"modified":"2022-05-03T09:54:59","modified_gmt":"2022-05-03T07:54:59","slug":"alegria","status":"publish","type":"post","link":"https:\/\/agora.xtec.cat\/instarragona\/general\/alegria\/","title":{"rendered":"Alegria"},"content":{"rendered":"<p class=\"gmail_default\">Dijous dia 28 d&#8217;abril el club de lectura del professorat de l&#8217;Institut Tarragona va organitzar una tert\u00falia liter\u00e0ria al voltant de la lectura de la novel\u00b7la\u00a0<i><a href=\"https:\/\/www.planetadelibros.com\/libro-alegria\/302733\" target=\"_blank\" rel=\"noopener\" data-saferedirecturl=\"https:\/\/www.google.com\/url?q=https:\/\/www.planetadelibros.com\/libro-alegria\/302733&amp;source=gmail&amp;ust=1651649979347000&amp;usg=AOvVaw0_b5TImy7wcYxugL-ZTDYi\">Alegr\u00eda\u00a0<\/a><\/i>de\u00a0<a href=\"https:\/\/www.youtube.com\/watch?v=qiZup9AcFMI\" target=\"_blank\" rel=\"noopener\" data-saferedirecturl=\"https:\/\/www.google.com\/url?q=https:\/\/www.youtube.com\/watch?v%3DqiZup9AcFMI&amp;source=gmail&amp;ust=1651649979347000&amp;usg=AOvVaw3kob7I-iDCnZQiVIu5U9LQ\">Manuel Vilas<\/a>, finalista del premi Planeta 2019. Com sempre passa en aquesta tert\u00falia, tants caps tants barrets. \u00c9s a dir, que la lectura ha suscitat reflexions, comentaris, cr\u00edtiques diferents en cada lector, cosa que enriqueix molt el debat i l&#8217;obra mateixa. El que est\u00e0 clar \u00e9s que \u00e9s una activitat que ens agrada molt als profes que som lectors i que, per fi, hem pogut tornar a celebrar sense restriccions i de forma presencial en un restaurant. Els que en saben m\u00e9s ens van recomanar de llegir, a part d&#8217;<i>Alegr\u00eda<\/i><i>,<\/i>\u00a0la novel\u00b7la\u00a0<i>Ordesa\u00a0<\/i>del mateix autor.<\/p>\n<div class=\"gmail_default\"><img loading=\"lazy\" decoding=\"async\" class=\"aligncenter wp-image-3207\" src=\"https:\/\/agora.xtec.cat\/instarragona\/wp-content\/uploads\/usu484\/2022\/05\/Els-profes-tambe\u0301-llegim.png\" alt=\"\" width=\"747\" height=\"747\" srcset=\"https:\/\/agora.xtec.cat\/instarragona\/wp-content\/uploads\/usu484\/2022\/05\/Els-profes-tambe\u0301-llegim.png 1080w, https:\/\/agora.xtec.cat\/instarragona\/wp-content\/uploads\/usu484\/2022\/05\/Els-profes-tambe\u0301-llegim-300x300.png 300w, https:\/\/agora.xtec.cat\/instarragona\/wp-content\/uploads\/usu484\/2022\/05\/Els-profes-tambe\u0301-llegim-1024x1024.png 1024w, https:\/\/agora.xtec.cat\/instarragona\/wp-content\/uploads\/usu484\/2022\/05\/Els-profes-tambe\u0301-llegim-150x150.png 150w, https:\/\/agora.xtec.cat\/instarragona\/wp-content\/uploads\/usu484\/2022\/05\/Els-profes-tambe\u0301-llegim-768x768.png 768w\" sizes=\"auto, (max-width: 747px) 100vw, 747px\" \/><\/div>\n<div><\/div>\n<div style=\"text-align: center;\"><\/div>\n<div>L&#8217;autor en parla:<\/div>\n<div><\/div>\n<div><\/div>\n<p style=\"text-align: center;\"><iframe loading=\"lazy\" title=\"YouTube video player\" src=\"https:\/\/www.youtube.com\/embed\/qiZup9AcFMI\" width=\"560\" height=\"315\" frameborder=\"0\" allowfullscreen=\"allowfullscreen\"><\/iframe><\/p>\n<div style=\"text-align: center;\"><\/div>\n<div style=\"text-align: center;\"><\/div>\n","protected":false},"excerpt":{"rendered":"<p>Dijous dia 28 d&#8217;abril el club de lectura del professorat de l&#8217;Institut Tarragona va organitzar una tert\u00falia liter\u00e0ria al voltant de la lectura de la novel\u00b7la\u00a0<a href=\"https:\/\/www.planetadelibros.com\/libro-alegria\/302733\" target=\"_blank\" rel=\"noopener\" data-saferedirecturl=\"https:\/\/www.google.com\/url?q=https:\/\/www.planetadelibros.com\/libro-alegria\/302733&amp;source=gmail&amp;ust=1651649979347000&amp;usg=AOvVaw0_b5TImy7wcYxugL-ZTDYi\">Alegr\u00eda\u00a0<\/a>de\u00a0<a href=\"https:\/\/www.youtube.com\/watch?v=qiZup9AcFMI\" target=\"_blank\" rel=\"noopener\" data-saferedirecturl=\"https:\/\/www.google.com\/url?q=https:\/\/www.youtube.com\/watch?v%3DqiZup9AcFMI&amp;source=gmail&amp;ust=1651649979347000&amp;usg=AOvVaw3kob7I-iDCnZQiVIu5U9LQ\">Manuel Vilas<\/a>, finalista del premi Planeta 2019. Com sempre passa en aquesta&hellip;  <a href=\"https:\/\/agora.xtec.cat\/instarragona\/general\/alegria\/\" title=\"Read Alegria\">Llegeix m\u00e9s\u00bb<\/a><\/p>\n","protected":false},"author":1,"featured_media":3209,"comment_status":"open","ping_status":"closed","sticky":false,"template":"","format":"standard","meta":{"_bbp_topic_count":0,"_bbp_reply_count":0,"_bbp_total_topic_count":0,"_bbp_total_reply_count":0,"_bbp_voice_count":0,"_bbp_anonymous_reply_count":0,"_bbp_topic_count_hidden":0,"_bbp_reply_count_hidden":0,"_bbp_forum_subforum_count":0,"footnotes":""},"categories":[1,29],"tags":[107],"class_list":["post-3206","post","type-post","status-publish","format-standard","has-post-thumbnail","hentry","category-general","category-portada","tag-biblioteca"],"post_mailing_queue_ids":[],"_links":{"self":[{"href":"https:\/\/agora.xtec.cat\/instarragona\/wp-json\/wp\/v2\/posts\/3206","targetHints":{"allow":["GET"]}}],"collection":[{"href":"https:\/\/agora.xtec.cat\/instarragona\/wp-json\/wp\/v2\/posts"}],"about":[{"href":"https:\/\/agora.xtec.cat\/instarragona\/wp-json\/wp\/v2\/types\/post"}],"author":[{"embeddable":true,"href":"https:\/\/agora.xtec.cat\/instarragona\/wp-json\/wp\/v2\/users\/1"}],"replies":[{"embeddable":true,"href":"https:\/\/agora.xtec.cat\/instarragona\/wp-json\/wp\/v2\/comments?post=3206"}],"version-history":[{"count":2,"href":"https:\/\/agora.xtec.cat\/instarragona\/wp-json\/wp\/v2\/posts\/3206\/revisions"}],"predecessor-version":[{"id":3210,"href":"https:\/\/agora.xtec.cat\/instarragona\/wp-json\/wp\/v2\/posts\/3206\/revisions\/3210"}],"wp:featuredmedia":[{"embeddable":true,"href":"https:\/\/agora.xtec.cat\/instarragona\/wp-json\/wp\/v2\/media\/3209"}],"wp:attachment":[{"href":"https:\/\/agora.xtec.cat\/instarragona\/wp-json\/wp\/v2\/media?parent=3206"}],"wp:term":[{"taxonomy":"category","embeddable":true,"href":"https:\/\/agora.xtec.cat\/instarragona\/wp-json\/wp\/v2\/categories?post=3206"},{"taxonomy":"post_tag","embeddable":true,"href":"https:\/\/agora.xtec.cat\/instarragona\/wp-json\/wp\/v2\/tags?post=3206"}],"curies":[{"name":"wp","href":"https:\/\/api.w.org\/{rel}","templated":true}]}}