{"id":3198,"date":"2022-05-03T09:46:44","date_gmt":"2022-05-03T07:46:44","guid":{"rendered":"https:\/\/agora.xtec.cat\/instarragona\/?p=3198"},"modified":"2022-05-03T09:49:27","modified_gmt":"2022-05-03T07:49:27","slug":"sant-jordi","status":"publish","type":"post","link":"https:\/\/agora.xtec.cat\/instarragona\/general\/sant-jordi\/","title":{"rendered":"Sant Jordi"},"content":{"rendered":"<p>Donem per finalitzats els diferents actes commemoratius dedicats a Sant Jordi.<\/p>\n<p>\ud83c\udf39\ud83d\udc32\ud83d\udcda\ud83c\udf39\ud83d\udc32\ud83d\udcda \ud83c\udf39\ud83d\udc32\ud83d\udcda \ud83c\udf39\ud83d\udc32\ud83d\udcda<\/p>\n<div>\n<ul>\n<li>la cantata que l&#8217;alumnat de 1r d&#8217;ESO ens va oferir al pati<\/li>\n<li>l&#8217;itinerari del recital po\u00e8tic adre\u00e7at tamb\u00e9 a l&#8217;alumnat de 1r d&#8217;ESO i<\/li>\n<li>l&#8217;acte de lliurament de premis del concurs literari dirigit a tots els nivells.<\/li>\n<\/ul>\n<\/div>\n<p>Molt\u00edssimes gr\u00e0cies a tots els alumnes que heu participat, que heu cantat, els que heu tocat, que heu entregat els vostres treballs per participar al concurs i moltes, moltes felicitats als guanyadors! Aqu\u00ed teniu totes les<a href=\"https:\/\/drive.google.com\/drive\/folders\/15bu6-E4KMk6SonRqyNBnPNyf5BNVfWBW?usp=sharing\"> imatges de la Diada<\/a>.<\/p>\n<div><\/div>\n<div><\/div>\n<div><\/div>\n<div><img loading=\"lazy\" decoding=\"async\" class=\"aligncenter size-full wp-image-3200\" src=\"https:\/\/agora.xtec.cat\/instarragona\/wp-content\/uploads\/usu484\/2022\/05\/Captura-1.jpg\" alt=\"\" width=\"1097\" height=\"518\" srcset=\"https:\/\/agora.xtec.cat\/instarragona\/wp-content\/uploads\/usu484\/2022\/05\/Captura-1.jpg 1097w, https:\/\/agora.xtec.cat\/instarragona\/wp-content\/uploads\/usu484\/2022\/05\/Captura-1-300x142.jpg 300w, https:\/\/agora.xtec.cat\/instarragona\/wp-content\/uploads\/usu484\/2022\/05\/Captura-1-1024x484.jpg 1024w, https:\/\/agora.xtec.cat\/instarragona\/wp-content\/uploads\/usu484\/2022\/05\/Captura-1-768x363.jpg 768w\" sizes=\"auto, (max-width: 1097px) 100vw, 1097px\" \/><\/div>\n<div><\/div>\n<div><\/div>\n","protected":false},"excerpt":{"rendered":"<p>Donem per finalitzats els diferents actes commemoratius dedicats a Sant Jordi.<br \/>\n\ud83c\udf39\ud83d\udc32\ud83d\udcda\ud83c\udf39\ud83d\udc32\ud83d\udcda \ud83c\udf39\ud83d\udc32\ud83d\udcda \ud83c\udf39\ud83d\udc32\ud83d\udcda<\/p>\n<ul>\n<li>la cantata que l&#8217;alumnat de 1r d&#8217;ESO ens va oferir al pati<\/li>\n<li>l&#8217;itinerari del recital po\u00e8tic adre\u00e7at tamb\u00e9 a l&#8217;alumnat de 1r d&#8217;ESO i<\/li>\n<li>l&#8217;acte de lliurament de premis del concurs literari dirigit a tots&hellip;  <a href=\"https:\/\/agora.xtec.cat\/instarragona\/general\/sant-jordi\/\" title=\"Read Sant Jordi\">Llegeix m\u00e9s\u00bb<\/a><br \/>\n","protected":false},"author":1,"featured_media":3202,"comment_status":"open","ping_status":"closed","sticky":false,"template":"","format":"standard","meta":{"_bbp_topic_count":0,"_bbp_reply_count":0,"_bbp_total_topic_count":0,"_bbp_total_reply_count":0,"_bbp_voice_count":0,"_bbp_anonymous_reply_count":0,"_bbp_topic_count_hidden":0,"_bbp_reply_count_hidden":0,"_bbp_forum_subforum_count":0,"footnotes":""},"categories":[1,29],"tags":[97],"class_list":["post-3198","post","type-post","status-publish","format-standard","has-post-thumbnail","hentry","category-general","category-portada","tag-festes-i-activitats"],"post_mailing_queue_ids":[],"_links":{"self":[{"href":"https:\/\/agora.xtec.cat\/instarragona\/wp-json\/wp\/v2\/posts\/3198","targetHints":{"allow":["GET"]}}],"collection":[{"href":"https:\/\/agora.xtec.cat\/instarragona\/wp-json\/wp\/v2\/posts"}],"about":[{"href":"https:\/\/agora.xtec.cat\/instarragona\/wp-json\/wp\/v2\/types\/post"}],"author":[{"embeddable":true,"href":"https:\/\/agora.xtec.cat\/instarragona\/wp-json\/wp\/v2\/users\/1"}],"replies":[{"embeddable":true,"href":"https:\/\/agora.xtec.cat\/instarragona\/wp-json\/wp\/v2\/comments?post=3198"}],"version-history":[{"count":3,"href":"https:\/\/agora.xtec.cat\/instarragona\/wp-json\/wp\/v2\/posts\/3198\/revisions"}],"predecessor-version":[{"id":3205,"href":"https:\/\/agora.xtec.cat\/instarragona\/wp-json\/wp\/v2\/posts\/3198\/revisions\/3205"}],"wp:featuredmedia":[{"embeddable":true,"href":"https:\/\/agora.xtec.cat\/instarragona\/wp-json\/wp\/v2\/media\/3202"}],"wp:attachment":[{"href":"https:\/\/agora.xtec.cat\/instarragona\/wp-json\/wp\/v2\/media?parent=3198"}],"wp:term":[{"taxonomy":"category","embeddable":true,"href":"https:\/\/agora.xtec.cat\/instarragona\/wp-json\/wp\/v2\/categories?post=3198"},{"taxonomy":"post_tag","embeddable":true,"href":"https:\/\/agora.xtec.cat\/instarragona\/wp-json\/wp\/v2\/tags?post=3198"}],"curies":[{"name":"wp","href":"https:\/\/api.w.org\/{rel}","templated":true}]}}