{"id":3194,"date":"2022-05-03T09:25:19","date_gmt":"2022-05-03T07:25:19","guid":{"rendered":"https:\/\/agora.xtec.cat\/instarragona\/?p=3194"},"modified":"2022-05-03T09:25:19","modified_gmt":"2022-05-03T07:25:19","slug":"anem-al-pirineu-aragones-a-fer-que","status":"publish","type":"post","link":"https:\/\/agora.xtec.cat\/instarragona\/batxillerat\/anem-al-pirineu-aragones-a-fer-que\/","title":{"rendered":"Anem al Pirineu Aragon\u00e8s. A fer qu\u00e8?"},"content":{"rendered":"<p>El Sobrarbe dona per molt!! Sobretot si el relacionem amb la mat\u00e8ria de Ci\u00e8ncies de la terra i el medi ambient.<\/p>\n<p>Entre la visita al municipi d&#8217;Ainsa, a Broto, amb la seva fant\u00e0stica cascada del Sorrosal i el majestu\u00f3s parc nacional d&#8217;Ordesa, els nostres alumnes de 1r i 2n de batxillerat han pogut ampliar els seus coneixements sobre geomorfologia glacial. Hem gaudit observant les diverses estructures geol\u00f2giques que l&#8217;entorn ens oferia, com ara els plecs, les falles i els encavalcaments. Comentar-vos que les turbidites de la cascada de Sorrosal s\u00f3n increibles!<\/p>\n<p><img loading=\"lazy\" decoding=\"async\" class=\"aligncenter  wp-image-3195\" src=\"https:\/\/agora.xtec.cat\/instarragona\/wp-content\/uploads\/usu484\/2022\/05\/WhatsApp-Image-2022-04-07-at-6.45.09-PM-3.jpeg\" alt=\"\" width=\"902\" height=\"676\" srcset=\"https:\/\/agora.xtec.cat\/instarragona\/wp-content\/uploads\/usu484\/2022\/05\/WhatsApp-Image-2022-04-07-at-6.45.09-PM-3.jpeg 1600w, https:\/\/agora.xtec.cat\/instarragona\/wp-content\/uploads\/usu484\/2022\/05\/WhatsApp-Image-2022-04-07-at-6.45.09-PM-3-300x225.jpeg 300w, https:\/\/agora.xtec.cat\/instarragona\/wp-content\/uploads\/usu484\/2022\/05\/WhatsApp-Image-2022-04-07-at-6.45.09-PM-3-1024x768.jpeg 1024w, https:\/\/agora.xtec.cat\/instarragona\/wp-content\/uploads\/usu484\/2022\/05\/WhatsApp-Image-2022-04-07-at-6.45.09-PM-3-768x576.jpeg 768w, https:\/\/agora.xtec.cat\/instarragona\/wp-content\/uploads\/usu484\/2022\/05\/WhatsApp-Image-2022-04-07-at-6.45.09-PM-3-1536x1152.jpeg 1536w, https:\/\/agora.xtec.cat\/instarragona\/wp-content\/uploads\/usu484\/2022\/05\/WhatsApp-Image-2022-04-07-at-6.45.09-PM-3-200x150.jpeg 200w\" sizes=\"auto, (max-width: 902px) 100vw, 902px\" \/><\/p>\n<p>Aqu\u00ed mateix teniu m\u00e9s <a href=\"https:\/\/drive.google.com\/drive\/folders\/1OIJrLu8FEO_iRzWQoQKuXM5P3xmFfqwy?usp=sharing\">imatges<\/a> de la sortida. Recomenables!<\/p>\n<p><img loading=\"lazy\" decoding=\"async\" class=\"aligncenter  wp-image-3196\" src=\"https:\/\/agora.xtec.cat\/instarragona\/wp-content\/uploads\/usu484\/2022\/05\/Captura.jpg\" alt=\"\" width=\"915\" height=\"555\" srcset=\"https:\/\/agora.xtec.cat\/instarragona\/wp-content\/uploads\/usu484\/2022\/05\/Captura.jpg 1357w, https:\/\/agora.xtec.cat\/instarragona\/wp-content\/uploads\/usu484\/2022\/05\/Captura-300x182.jpg 300w, https:\/\/agora.xtec.cat\/instarragona\/wp-content\/uploads\/usu484\/2022\/05\/Captura-1024x621.jpg 1024w, https:\/\/agora.xtec.cat\/instarragona\/wp-content\/uploads\/usu484\/2022\/05\/Captura-768x466.jpg 768w\" sizes=\"auto, (max-width: 915px) 100vw, 915px\" \/><\/p>\n<p>&nbsp;<\/p>\n","protected":false},"excerpt":{"rendered":"<p>El Sobrarbe dona per molt!! Sobretot si el relacionem amb la mat\u00e8ria de Ci\u00e8ncies de la terra i el medi ambient.<br \/>\nEntre la visita al municipi d&#8217;Ainsa, a Broto, amb la seva fant\u00e0stica cascada del Sorrosal i el majestu\u00f3s parc nacional d&#8217;Ordesa, els nostres alumnes de&hellip;  <a href=\"https:\/\/agora.xtec.cat\/instarragona\/batxillerat\/anem-al-pirineu-aragones-a-fer-que\/\" title=\"Read Anem al Pirineu Aragon\u00e8s. A fer qu\u00e8?\">Llegeix m\u00e9s\u00bb<\/a><\/p>\n","protected":false},"author":1,"featured_media":3195,"comment_status":"open","ping_status":"closed","sticky":false,"template":"","format":"standard","meta":{"_bbp_topic_count":0,"_bbp_reply_count":0,"_bbp_total_topic_count":0,"_bbp_total_reply_count":0,"_bbp_voice_count":0,"_bbp_anonymous_reply_count":0,"_bbp_topic_count_hidden":0,"_bbp_reply_count_hidden":0,"_bbp_forum_subforum_count":0,"footnotes":""},"categories":[8,29],"tags":[116,39],"class_list":["post-3194","post","type-post","status-publish","format-standard","has-post-thumbnail","hentry","category-batxillerat","category-portada","tag-ciencies","tag-sortides"],"post_mailing_queue_ids":[],"_links":{"self":[{"href":"https:\/\/agora.xtec.cat\/instarragona\/wp-json\/wp\/v2\/posts\/3194","targetHints":{"allow":["GET"]}}],"collection":[{"href":"https:\/\/agora.xtec.cat\/instarragona\/wp-json\/wp\/v2\/posts"}],"about":[{"href":"https:\/\/agora.xtec.cat\/instarragona\/wp-json\/wp\/v2\/types\/post"}],"author":[{"embeddable":true,"href":"https:\/\/agora.xtec.cat\/instarragona\/wp-json\/wp\/v2\/users\/1"}],"replies":[{"embeddable":true,"href":"https:\/\/agora.xtec.cat\/instarragona\/wp-json\/wp\/v2\/comments?post=3194"}],"version-history":[{"count":1,"href":"https:\/\/agora.xtec.cat\/instarragona\/wp-json\/wp\/v2\/posts\/3194\/revisions"}],"predecessor-version":[{"id":3197,"href":"https:\/\/agora.xtec.cat\/instarragona\/wp-json\/wp\/v2\/posts\/3194\/revisions\/3197"}],"wp:featuredmedia":[{"embeddable":true,"href":"https:\/\/agora.xtec.cat\/instarragona\/wp-json\/wp\/v2\/media\/3195"}],"wp:attachment":[{"href":"https:\/\/agora.xtec.cat\/instarragona\/wp-json\/wp\/v2\/media?parent=3194"}],"wp:term":[{"taxonomy":"category","embeddable":true,"href":"https:\/\/agora.xtec.cat\/instarragona\/wp-json\/wp\/v2\/categories?post=3194"},{"taxonomy":"post_tag","embeddable":true,"href":"https:\/\/agora.xtec.cat\/instarragona\/wp-json\/wp\/v2\/tags?post=3194"}],"curies":[{"name":"wp","href":"https:\/\/api.w.org\/{rel}","templated":true}]}}