{"id":3172,"date":"2022-04-21T08:30:33","date_gmt":"2022-04-21T06:30:33","guid":{"rendered":"https:\/\/agora.xtec.cat\/instarragona\/?p=3172"},"modified":"2022-04-21T08:31:37","modified_gmt":"2022-04-21T06:31:37","slug":"laula-dacollida-descobreix-tarragona","status":"publish","type":"post","link":"https:\/\/agora.xtec.cat\/instarragona\/portada\/laula-dacollida-descobreix-tarragona\/","title":{"rendered":"L&#8217;aula d&#8217;acollida descobreix Tarragona"},"content":{"rendered":"<p>Fa uns dies els alumnes d\u2019aula d\u2019acollida van fer una <strong><a href=\"https:\/\/drive.google.com\/drive\/folders\/1Mhh60H4S31pGOWPAENCheiFA-oFMasdz?usp=sharing\">visita cultural per Tarragona<\/a><\/strong> aprofitant que al llarg d\u2019aquest trimestre han treballat el vocabulari del barri i la ciutat. Durant la visita van poder observar diferents monuments importants de la ciutat i con\u00e8ixer una mica la seva hist\u00f2ria tot fent \u00fas de l\u2019aplicaci\u00f3 <strong><a href=\"https:\/\/www.tarragonaturisme.cat\/ca\/laplicacio-imageen\">Imageen T\u00e0rraco<\/a><\/strong>. Mentre visitaven la pla\u00e7a de la Font, van tenir la sort de coincidir amb el Senyor Pau Ricom\u00e0 (Alcalde de Tarragona)! L\u2019alumnat va aprofitar l\u2019ocasi\u00f3 per fer-li diverses preguntes, com ara quins s\u00f3n els llocs m\u00e9s emblem\u00e0tics de la nostra ciutat. No nom\u00e9s van gaudir de l\u2019experi\u00e8ncia sin\u00f3 que van aprendre molt\u00edssim sobre la hist\u00f2ria de T\u00e0rraco. Ho repetirem sens dubte!<\/p>\n<p><img loading=\"lazy\" decoding=\"async\" class=\"aligncenter size-full wp-image-3173\" src=\"https:\/\/agora.xtec.cat\/instarragona\/wp-content\/uploads\/usu484\/2022\/04\/PHOTO-2022-04-08-14-18-59-2.jpg\" alt=\"\" width=\"2048\" height=\"1536\" srcset=\"https:\/\/agora.xtec.cat\/instarragona\/wp-content\/uploads\/usu484\/2022\/04\/PHOTO-2022-04-08-14-18-59-2.jpg 2048w, https:\/\/agora.xtec.cat\/instarragona\/wp-content\/uploads\/usu484\/2022\/04\/PHOTO-2022-04-08-14-18-59-2-300x225.jpg 300w, https:\/\/agora.xtec.cat\/instarragona\/wp-content\/uploads\/usu484\/2022\/04\/PHOTO-2022-04-08-14-18-59-2-1024x768.jpg 1024w, https:\/\/agora.xtec.cat\/instarragona\/wp-content\/uploads\/usu484\/2022\/04\/PHOTO-2022-04-08-14-18-59-2-768x576.jpg 768w, https:\/\/agora.xtec.cat\/instarragona\/wp-content\/uploads\/usu484\/2022\/04\/PHOTO-2022-04-08-14-18-59-2-1536x1152.jpg 1536w, https:\/\/agora.xtec.cat\/instarragona\/wp-content\/uploads\/usu484\/2022\/04\/PHOTO-2022-04-08-14-18-59-2-200x150.jpg 200w\" sizes=\"auto, (max-width: 2048px) 100vw, 2048px\" \/><\/p>\n<p>&nbsp;<\/p>\n<p><img loading=\"lazy\" decoding=\"async\" class=\"aligncenter size-full wp-image-3174\" src=\"https:\/\/agora.xtec.cat\/instarragona\/wp-content\/uploads\/usu484\/2022\/04\/PHOTO-2022-04-08-14-19-00-3.jpg\" alt=\"\" width=\"2048\" height=\"1536\" srcset=\"https:\/\/agora.xtec.cat\/instarragona\/wp-content\/uploads\/usu484\/2022\/04\/PHOTO-2022-04-08-14-19-00-3.jpg 2048w, https:\/\/agora.xtec.cat\/instarragona\/wp-content\/uploads\/usu484\/2022\/04\/PHOTO-2022-04-08-14-19-00-3-300x225.jpg 300w, https:\/\/agora.xtec.cat\/instarragona\/wp-content\/uploads\/usu484\/2022\/04\/PHOTO-2022-04-08-14-19-00-3-1024x768.jpg 1024w, https:\/\/agora.xtec.cat\/instarragona\/wp-content\/uploads\/usu484\/2022\/04\/PHOTO-2022-04-08-14-19-00-3-768x576.jpg 768w, https:\/\/agora.xtec.cat\/instarragona\/wp-content\/uploads\/usu484\/2022\/04\/PHOTO-2022-04-08-14-19-00-3-1536x1152.jpg 1536w, https:\/\/agora.xtec.cat\/instarragona\/wp-content\/uploads\/usu484\/2022\/04\/PHOTO-2022-04-08-14-19-00-3-200x150.jpg 200w\" sizes=\"auto, (max-width: 2048px) 100vw, 2048px\" \/><\/p>\n<p>&nbsp;<\/p>\n","protected":false},"excerpt":{"rendered":"<p>Fa uns dies els alumnes d\u2019aula d\u2019acollida van fer una <a href=\"https:\/\/drive.google.com\/drive\/folders\/1Mhh60H4S31pGOWPAENCheiFA-oFMasdz?usp=sharing\">visita cultural per Tarragona<\/a> aprofitant que al llarg d\u2019aquest trimestre han treballat el vocabulari del barri i la ciutat. Durant la visita van poder observar diferents monuments importants de la ciutat i con\u00e8ixer una&hellip;  <a href=\"https:\/\/agora.xtec.cat\/instarragona\/portada\/laula-dacollida-descobreix-tarragona\/\" title=\"Read L&#8217;aula d&#8217;acollida descobreix Tarragona\">Llegeix m\u00e9s\u00bb<\/a><\/p>\n","protected":false},"author":1,"featured_media":3175,"comment_status":"open","ping_status":"closed","sticky":false,"template":"","format":"standard","meta":{"_bbp_topic_count":0,"_bbp_reply_count":0,"_bbp_total_topic_count":0,"_bbp_total_reply_count":0,"_bbp_voice_count":0,"_bbp_anonymous_reply_count":0,"_bbp_topic_count_hidden":0,"_bbp_reply_count_hidden":0,"_bbp_forum_subforum_count":0,"footnotes":""},"categories":[29],"tags":[128],"class_list":["post-3172","post","type-post","status-publish","format-standard","has-post-thumbnail","hentry","category-portada","tag-aula-acollida"],"post_mailing_queue_ids":[],"_links":{"self":[{"href":"https:\/\/agora.xtec.cat\/instarragona\/wp-json\/wp\/v2\/posts\/3172","targetHints":{"allow":["GET"]}}],"collection":[{"href":"https:\/\/agora.xtec.cat\/instarragona\/wp-json\/wp\/v2\/posts"}],"about":[{"href":"https:\/\/agora.xtec.cat\/instarragona\/wp-json\/wp\/v2\/types\/post"}],"author":[{"embeddable":true,"href":"https:\/\/agora.xtec.cat\/instarragona\/wp-json\/wp\/v2\/users\/1"}],"replies":[{"embeddable":true,"href":"https:\/\/agora.xtec.cat\/instarragona\/wp-json\/wp\/v2\/comments?post=3172"}],"version-history":[{"count":2,"href":"https:\/\/agora.xtec.cat\/instarragona\/wp-json\/wp\/v2\/posts\/3172\/revisions"}],"predecessor-version":[{"id":3177,"href":"https:\/\/agora.xtec.cat\/instarragona\/wp-json\/wp\/v2\/posts\/3172\/revisions\/3177"}],"wp:featuredmedia":[{"embeddable":true,"href":"https:\/\/agora.xtec.cat\/instarragona\/wp-json\/wp\/v2\/media\/3175"}],"wp:attachment":[{"href":"https:\/\/agora.xtec.cat\/instarragona\/wp-json\/wp\/v2\/media?parent=3172"}],"wp:term":[{"taxonomy":"category","embeddable":true,"href":"https:\/\/agora.xtec.cat\/instarragona\/wp-json\/wp\/v2\/categories?post=3172"},{"taxonomy":"post_tag","embeddable":true,"href":"https:\/\/agora.xtec.cat\/instarragona\/wp-json\/wp\/v2\/tags?post=3172"}],"curies":[{"name":"wp","href":"https:\/\/api.w.org\/{rel}","templated":true}]}}