{"id":3169,"date":"2022-04-21T08:20:15","date_gmt":"2022-04-21T06:20:15","guid":{"rendered":"https:\/\/agora.xtec.cat\/instarragona\/?p=3169"},"modified":"2022-04-21T08:20:46","modified_gmt":"2022-04-21T06:20:46","slug":"no-ens-oblidem-ducraina","status":"publish","type":"post","link":"https:\/\/agora.xtec.cat\/instarragona\/eso\/eso-3\/no-ens-oblidem-ducraina\/","title":{"rendered":"No ens oblidem d&#8217;Ucra\u00efna"},"content":{"rendered":"<p dir=\"auto\">Els alumnes de 3r ESO dins del servei comunitari han dut a terme una recollida de material b\u00e0sic per la poblaci\u00f3 d&#8217;Ucra\u00efna. Tot el material recollit ha estat portat a Ucra\u00efna a trav\u00e9s d&#8217;una associaci\u00f3 d&#8217;Ucra\u00efnesos que viuen a Tarragona i ha estat imprescindible per ajudar a cobrir necessitats b\u00e0siques de les persones que fugen de la guerra.<\/p>\n<p dir=\"auto\">Aquesta iniciativa ha aproximat als nostres alumnes a con\u00e8ixer la realitat d&#8217;aquestes persones, a ser conscients del que passa al nostre entorn i valorar el que tenim.<\/p>\n<p dir=\"auto\"><img loading=\"lazy\" decoding=\"async\" class=\"aligncenter size-full wp-image-3170\" src=\"https:\/\/agora.xtec.cat\/instarragona\/wp-content\/uploads\/usu484\/2022\/04\/UCRAINA.png\" alt=\"\" width=\"1351\" height=\"834\" srcset=\"https:\/\/agora.xtec.cat\/instarragona\/wp-content\/uploads\/usu484\/2022\/04\/UCRAINA.png 1351w, https:\/\/agora.xtec.cat\/instarragona\/wp-content\/uploads\/usu484\/2022\/04\/UCRAINA-300x185.png 300w, https:\/\/agora.xtec.cat\/instarragona\/wp-content\/uploads\/usu484\/2022\/04\/UCRAINA-1024x632.png 1024w, https:\/\/agora.xtec.cat\/instarragona\/wp-content\/uploads\/usu484\/2022\/04\/UCRAINA-768x474.png 768w\" sizes=\"auto, (max-width: 1351px) 100vw, 1351px\" \/><\/p>\n<div dir=\"auto\"><\/div>\n<div dir=\"auto\"><\/div>\n","protected":false},"excerpt":{"rendered":"<p>Els alumnes de 3r ESO dins del servei comunitari han dut a terme una recollida de material b\u00e0sic per la poblaci\u00f3 d&#8217;Ucra\u00efna. Tot el material recollit ha estat portat a Ucra\u00efna a trav\u00e9s d&#8217;una associaci\u00f3 d&#8217;Ucra\u00efnesos que viuen a Tarragona i ha estat imprescindible per&hellip;  <a href=\"https:\/\/agora.xtec.cat\/instarragona\/eso\/eso-3\/no-ens-oblidem-ducraina\/\" title=\"Read No ens oblidem d&#8217;Ucra\u00efna\">Llegeix m\u00e9s\u00bb<\/a><\/p>\n","protected":false},"author":1,"featured_media":0,"comment_status":"open","ping_status":"closed","sticky":false,"template":"","format":"standard","meta":{"_bbp_topic_count":0,"_bbp_reply_count":0,"_bbp_total_topic_count":0,"_bbp_total_reply_count":0,"_bbp_voice_count":0,"_bbp_anonymous_reply_count":0,"_bbp_topic_count_hidden":0,"_bbp_reply_count_hidden":0,"_bbp_forum_subforum_count":0,"footnotes":""},"categories":[6,29],"tags":[142],"class_list":["post-3169","post","type-post","status-publish","format-standard","hentry","category-eso-3","category-portada","tag-servei-comunitari"],"post_mailing_queue_ids":[],"_links":{"self":[{"href":"https:\/\/agora.xtec.cat\/instarragona\/wp-json\/wp\/v2\/posts\/3169","targetHints":{"allow":["GET"]}}],"collection":[{"href":"https:\/\/agora.xtec.cat\/instarragona\/wp-json\/wp\/v2\/posts"}],"about":[{"href":"https:\/\/agora.xtec.cat\/instarragona\/wp-json\/wp\/v2\/types\/post"}],"author":[{"embeddable":true,"href":"https:\/\/agora.xtec.cat\/instarragona\/wp-json\/wp\/v2\/users\/1"}],"replies":[{"embeddable":true,"href":"https:\/\/agora.xtec.cat\/instarragona\/wp-json\/wp\/v2\/comments?post=3169"}],"version-history":[{"count":1,"href":"https:\/\/agora.xtec.cat\/instarragona\/wp-json\/wp\/v2\/posts\/3169\/revisions"}],"predecessor-version":[{"id":3171,"href":"https:\/\/agora.xtec.cat\/instarragona\/wp-json\/wp\/v2\/posts\/3169\/revisions\/3171"}],"wp:attachment":[{"href":"https:\/\/agora.xtec.cat\/instarragona\/wp-json\/wp\/v2\/media?parent=3169"}],"wp:term":[{"taxonomy":"category","embeddable":true,"href":"https:\/\/agora.xtec.cat\/instarragona\/wp-json\/wp\/v2\/categories?post=3169"},{"taxonomy":"post_tag","embeddable":true,"href":"https:\/\/agora.xtec.cat\/instarragona\/wp-json\/wp\/v2\/tags?post=3169"}],"curies":[{"name":"wp","href":"https:\/\/api.w.org\/{rel}","templated":true}]}}