{"id":3159,"date":"2022-04-07T13:14:46","date_gmt":"2022-04-07T11:14:46","guid":{"rendered":"https:\/\/agora.xtec.cat\/instarragona\/?p=3159"},"modified":"2022-04-07T13:17:38","modified_gmt":"2022-04-07T11:17:38","slug":"viatge-al-passat","status":"publish","type":"post","link":"https:\/\/agora.xtec.cat\/instarragona\/eso\/eso-3\/viatge-al-passat\/","title":{"rendered":"Viatge al passat"},"content":{"rendered":"<p><span style=\"font-weight: 400;\">Els alumnes de Religi\u00f3 de 3r i 4t d\u2019ESO hem fet un <a href=\"https:\/\/drive.google.com\/drive\/folders\/1j0IKZKi7at6l4sGz7D8sgl4v8RRGsNQT?usp=sharing\">passeig en el temps<\/a> a l&#8217;anar al <a href=\"http:\/\/museu.biblic.arqtgn.cat\/\">Museu B\u00edblic de Tarragona<\/a>. Despr\u00e9s d\u2019ubicar-nos geogr\u00e0ficament hem recorregut 2000 anys d\u2019hist\u00f2ria. Hem passat per Egipte, el Tabernacle, Jerusalem amb el temple per retornar a la T\u00e0rraco dels primers cristians, amb maquetes del Temple d\u2019August sobre la planta de la catedral amb la visita de Tarracr\u00f2polis. Tamb\u00e9 hem fet un rep\u00e0s a la Setmana Santa tarragonina amb la vista de les miniatures de tots els passos i de diorames que representaven l\u2019origin\u00e0ria. Per acabar hem tingut la sorpresa que ens han perm\u00e8s veure el refugi antiaeri de la Guerra civil que hi \u00e9s a sota del mateix museu. Gr\u00e0cies, MBT!<\/span><\/p>\n<p><img loading=\"lazy\" decoding=\"async\" class=\"aligncenter size-full wp-image-3160\" src=\"https:\/\/agora.xtec.cat\/instarragona\/wp-content\/uploads\/usu484\/2022\/04\/Captura-2.jpg\" alt=\"\" width=\"597\" height=\"441\" srcset=\"https:\/\/agora.xtec.cat\/instarragona\/wp-content\/uploads\/usu484\/2022\/04\/Captura-2.jpg 597w, https:\/\/agora.xtec.cat\/instarragona\/wp-content\/uploads\/usu484\/2022\/04\/Captura-2-300x222.jpg 300w\" sizes=\"auto, (max-width: 597px) 100vw, 597px\" \/><\/p>\n","protected":false},"excerpt":{"rendered":"<p>Els alumnes de Religi\u00f3 de 3r i 4t d\u2019ESO hem fet un <a href=\"https:\/\/drive.google.com\/drive\/folders\/1j0IKZKi7at6l4sGz7D8sgl4v8RRGsNQT?usp=sharing\">passeig en el temps<\/a> a l&#8217;anar al <a href=\"http:\/\/museu.biblic.arqtgn.cat\/\">Museu B\u00edblic de Tarragona<\/a>. Despr\u00e9s d\u2019ubicar-nos geogr\u00e0ficament hem recorregut 2000 anys d\u2019hist\u00f2ria. Hem passat per Egipte, el Tabernacle, Jerusalem amb el temple per retornar&hellip;  <a href=\"https:\/\/agora.xtec.cat\/instarragona\/eso\/eso-3\/viatge-al-passat\/\" title=\"Read Viatge al passat\">Llegeix m\u00e9s\u00bb<\/a><\/p>\n","protected":false},"author":1,"featured_media":3160,"comment_status":"open","ping_status":"closed","sticky":false,"template":"","format":"standard","meta":{"_bbp_topic_count":0,"_bbp_reply_count":0,"_bbp_total_topic_count":0,"_bbp_total_reply_count":0,"_bbp_voice_count":0,"_bbp_anonymous_reply_count":0,"_bbp_topic_count_hidden":0,"_bbp_reply_count_hidden":0,"_bbp_forum_subforum_count":0,"footnotes":""},"categories":[6,7,29],"tags":[127],"class_list":["post-3159","post","type-post","status-publish","format-standard","has-post-thumbnail","hentry","category-eso-3","category-eso-4","category-portada","tag-religio"],"post_mailing_queue_ids":[],"_links":{"self":[{"href":"https:\/\/agora.xtec.cat\/instarragona\/wp-json\/wp\/v2\/posts\/3159","targetHints":{"allow":["GET"]}}],"collection":[{"href":"https:\/\/agora.xtec.cat\/instarragona\/wp-json\/wp\/v2\/posts"}],"about":[{"href":"https:\/\/agora.xtec.cat\/instarragona\/wp-json\/wp\/v2\/types\/post"}],"author":[{"embeddable":true,"href":"https:\/\/agora.xtec.cat\/instarragona\/wp-json\/wp\/v2\/users\/1"}],"replies":[{"embeddable":true,"href":"https:\/\/agora.xtec.cat\/instarragona\/wp-json\/wp\/v2\/comments?post=3159"}],"version-history":[{"count":3,"href":"https:\/\/agora.xtec.cat\/instarragona\/wp-json\/wp\/v2\/posts\/3159\/revisions"}],"predecessor-version":[{"id":3163,"href":"https:\/\/agora.xtec.cat\/instarragona\/wp-json\/wp\/v2\/posts\/3159\/revisions\/3163"}],"wp:featuredmedia":[{"embeddable":true,"href":"https:\/\/agora.xtec.cat\/instarragona\/wp-json\/wp\/v2\/media\/3160"}],"wp:attachment":[{"href":"https:\/\/agora.xtec.cat\/instarragona\/wp-json\/wp\/v2\/media?parent=3159"}],"wp:term":[{"taxonomy":"category","embeddable":true,"href":"https:\/\/agora.xtec.cat\/instarragona\/wp-json\/wp\/v2\/categories?post=3159"},{"taxonomy":"post_tag","embeddable":true,"href":"https:\/\/agora.xtec.cat\/instarragona\/wp-json\/wp\/v2\/tags?post=3159"}],"curies":[{"name":"wp","href":"https:\/\/api.w.org\/{rel}","templated":true}]}}