{"id":3153,"date":"2022-04-07T10:07:13","date_gmt":"2022-04-07T08:07:13","guid":{"rendered":"https:\/\/agora.xtec.cat\/instarragona\/?p=3153"},"modified":"2022-04-21T08:32:43","modified_gmt":"2022-04-21T06:32:43","slug":"moltes-gracies-per-la-visita-i-fins-una-altra","status":"publish","type":"post","link":"https:\/\/agora.xtec.cat\/instarragona\/batxillerat\/moltes-gracies-per-la-visita-i-fins-una-altra\/","title":{"rendered":"Moltes gr\u00e0cies per venir i fins una altra!"},"content":{"rendered":"<p>Dem\u00e0 ens diuen ad\u00e9u els alumnes alemanys que ens han acompanyat durant forces dies i gr\u00e0cies als projectes <span style=\"color: #008000;\"><strong>ERASMUS+ DE LLARGA DURADA<\/strong><\/span>.<\/p>\n<p><img loading=\"lazy\" decoding=\"async\" class=\"aligncenter wp-image-3154\" src=\"https:\/\/agora.xtec.cat\/instarragona\/wp-content\/uploads\/usu484\/2022\/04\/IMG-20220322-WA0004.jpg\" alt=\"\" width=\"576\" height=\"259\" srcset=\"https:\/\/agora.xtec.cat\/instarragona\/wp-content\/uploads\/usu484\/2022\/04\/IMG-20220322-WA0004.jpg 2048w, https:\/\/agora.xtec.cat\/instarragona\/wp-content\/uploads\/usu484\/2022\/04\/IMG-20220322-WA0004-300x135.jpg 300w, https:\/\/agora.xtec.cat\/instarragona\/wp-content\/uploads\/usu484\/2022\/04\/IMG-20220322-WA0004-1024x461.jpg 1024w, https:\/\/agora.xtec.cat\/instarragona\/wp-content\/uploads\/usu484\/2022\/04\/IMG-20220322-WA0004-768x345.jpg 768w, https:\/\/agora.xtec.cat\/instarragona\/wp-content\/uploads\/usu484\/2022\/04\/IMG-20220322-WA0004-1536x691.jpg 1536w\" sizes=\"auto, (max-width: 576px) 100vw, 576px\" \/><\/p>\n<p><img loading=\"lazy\" decoding=\"async\" class=\"aligncenter wp-image-3155\" src=\"https:\/\/agora.xtec.cat\/instarragona\/wp-content\/uploads\/usu484\/2022\/04\/IMG-20220330-WA0014.jpg\" alt=\"\" width=\"570\" height=\"427\" srcset=\"https:\/\/agora.xtec.cat\/instarragona\/wp-content\/uploads\/usu484\/2022\/04\/IMG-20220330-WA0014.jpg 2000w, https:\/\/agora.xtec.cat\/instarragona\/wp-content\/uploads\/usu484\/2022\/04\/IMG-20220330-WA0014-300x225.jpg 300w, https:\/\/agora.xtec.cat\/instarragona\/wp-content\/uploads\/usu484\/2022\/04\/IMG-20220330-WA0014-1024x768.jpg 1024w, https:\/\/agora.xtec.cat\/instarragona\/wp-content\/uploads\/usu484\/2022\/04\/IMG-20220330-WA0014-768x576.jpg 768w, https:\/\/agora.xtec.cat\/instarragona\/wp-content\/uploads\/usu484\/2022\/04\/IMG-20220330-WA0014-1536x1152.jpg 1536w, https:\/\/agora.xtec.cat\/instarragona\/wp-content\/uploads\/usu484\/2022\/04\/IMG-20220330-WA0014-200x150.jpg 200w\" sizes=\"auto, (max-width: 570px) 100vw, 570px\" \/><\/p>\n<p><img loading=\"lazy\" decoding=\"async\" class=\"aligncenter size-full wp-image-3157\" src=\"https:\/\/agora.xtec.cat\/instarragona\/wp-content\/uploads\/usu484\/2022\/04\/Captura-1.png\" alt=\"\" width=\"650\" height=\"330\" srcset=\"https:\/\/agora.xtec.cat\/instarragona\/wp-content\/uploads\/usu484\/2022\/04\/Captura-1.png 650w, https:\/\/agora.xtec.cat\/instarragona\/wp-content\/uploads\/usu484\/2022\/04\/Captura-1-300x152.png 300w\" sizes=\"auto, (max-width: 650px) 100vw, 650px\" \/><\/p>\n<p>Amb ells hem gaudit de tenir-los a les nostres classes i dels espais i activitats compartides.<\/p>\n<p><img loading=\"lazy\" decoding=\"async\" class=\"aligncenter wp-image-1596\" src=\"https:\/\/agora.xtec.cat\/instarragona\/wp-content\/uploads\/usu484\/2019\/02\/baixa.png\" alt=\"\" width=\"202\" height=\"49\" srcset=\"https:\/\/agora.xtec.cat\/instarragona\/wp-content\/uploads\/usu484\/2019\/02\/baixa.png 456w, https:\/\/agora.xtec.cat\/instarragona\/wp-content\/uploads\/usu484\/2019\/02\/baixa-300x72.png 300w\" sizes=\"auto, (max-width: 202px) 100vw, 202px\" \/><\/p>\n<p>&nbsp;<\/p>\n","protected":false},"excerpt":{"rendered":"<p>Dem\u00e0 ens diuen ad\u00e9u els alumnes alemanys que ens han acompanyat durant forces dies i gr\u00e0cies als projectes ERASMUS+ DE LLARGA DURADA.<\/p>\n<p>Amb ells hem gaudit de tenir-los a les nostres classes i dels espais i activitats compartides.<\/p>\n<p>&nbsp;<\/p>\n","protected":false},"author":1,"featured_media":0,"comment_status":"open","ping_status":"closed","sticky":false,"template":"","format":"standard","meta":{"_bbp_topic_count":0,"_bbp_reply_count":0,"_bbp_total_topic_count":0,"_bbp_total_reply_count":0,"_bbp_voice_count":0,"_bbp_anonymous_reply_count":0,"_bbp_topic_count_hidden":0,"_bbp_reply_count_hidden":0,"_bbp_forum_subforum_count":0,"footnotes":""},"categories":[8,29],"tags":[101],"class_list":["post-3153","post","type-post","status-publish","format-standard","hentry","category-batxillerat","category-portada","tag-erasmus"],"post_mailing_queue_ids":[],"_links":{"self":[{"href":"https:\/\/agora.xtec.cat\/instarragona\/wp-json\/wp\/v2\/posts\/3153","targetHints":{"allow":["GET"]}}],"collection":[{"href":"https:\/\/agora.xtec.cat\/instarragona\/wp-json\/wp\/v2\/posts"}],"about":[{"href":"https:\/\/agora.xtec.cat\/instarragona\/wp-json\/wp\/v2\/types\/post"}],"author":[{"embeddable":true,"href":"https:\/\/agora.xtec.cat\/instarragona\/wp-json\/wp\/v2\/users\/1"}],"replies":[{"embeddable":true,"href":"https:\/\/agora.xtec.cat\/instarragona\/wp-json\/wp\/v2\/comments?post=3153"}],"version-history":[{"count":3,"href":"https:\/\/agora.xtec.cat\/instarragona\/wp-json\/wp\/v2\/posts\/3153\/revisions"}],"predecessor-version":[{"id":3178,"href":"https:\/\/agora.xtec.cat\/instarragona\/wp-json\/wp\/v2\/posts\/3153\/revisions\/3178"}],"wp:attachment":[{"href":"https:\/\/agora.xtec.cat\/instarragona\/wp-json\/wp\/v2\/media?parent=3153"}],"wp:term":[{"taxonomy":"category","embeddable":true,"href":"https:\/\/agora.xtec.cat\/instarragona\/wp-json\/wp\/v2\/categories?post=3153"},{"taxonomy":"post_tag","embeddable":true,"href":"https:\/\/agora.xtec.cat\/instarragona\/wp-json\/wp\/v2\/tags?post=3153"}],"curies":[{"name":"wp","href":"https:\/\/api.w.org\/{rel}","templated":true}]}}