{"id":3139,"date":"2022-04-04T08:53:33","date_gmt":"2022-04-04T06:53:33","guid":{"rendered":"https:\/\/agora.xtec.cat\/instarragona\/?p=3139"},"modified":"2022-04-07T13:19:10","modified_gmt":"2022-04-07T11:19:10","slug":"us-recordem-biblioteca-oberta","status":"publish","type":"post","link":"https:\/\/agora.xtec.cat\/instarragona\/portada\/us-recordem-biblioteca-oberta\/","title":{"rendered":"Us recordem: Biblioteca oberta"},"content":{"rendered":"<p>Ens plau comunicar-vos que a la p\u00e0gina web de biblioteques escolars (BE) del Departament d&#8217;Educaci\u00f3 han penjat un v\u00eddeo sobre la nostra biblioteca. Es tracta d&#8217;un material que ens van demanar des del Programa Puntedu de BE del Departament per a un curs de formaci\u00f3 per a professors que volen obtenir el perfil de coordinador de BE. Ara ja l&#8217;han penjat en obert en un espai que es diu &#8220;Biblioteca oberta&#8221;.\u00a0<a href=\"https:\/\/projectes.xtec.cat\/bescat\/general\/biblioteca-oberta-2\/\" target=\"_blank\" rel=\"noopener noreferrer\" data-saferedirecturl=\"https:\/\/www.google.com\/url?q=https:\/\/projectes.xtec.cat\/bescat\/general\/biblioteca-oberta-2\/&amp;source=gmail&amp;ust=1649139453462000&amp;usg=AOvVaw3NF5wm-dmg-kZC80q3vewd\">Trobareu la informaci\u00f3 en aquest enlla\u00e7.<\/a><\/p>\n<p><a href=\"https:\/\/drive.google.com\/file\/d\/1-8_JEULb3Lrmn31Z1vIlMwif6OB7B4J6\/view\"><img loading=\"lazy\" decoding=\"async\" class=\"aligncenter wp-image-3140\" src=\"https:\/\/agora.xtec.cat\/instarragona\/wp-content\/uploads\/usu484\/2022\/04\/Captura-1.jpg\" alt=\"\" width=\"400\" height=\"227\" srcset=\"https:\/\/agora.xtec.cat\/instarragona\/wp-content\/uploads\/usu484\/2022\/04\/Captura-1.jpg 649w, https:\/\/agora.xtec.cat\/instarragona\/wp-content\/uploads\/usu484\/2022\/04\/Captura-1-300x170.jpg 300w\" sizes=\"auto, (max-width: 400px) 100vw, 400px\" \/><\/a><\/p>\n","protected":false},"excerpt":{"rendered":"<p>Ens plau comunicar-vos que a la p\u00e0gina web de biblioteques escolars (BE) del Departament d&#8217;Educaci\u00f3 han penjat un v\u00eddeo sobre la nostra biblioteca. Es tracta d&#8217;un material que ens van demanar des del Programa Puntedu de BE del Departament per a un curs de formaci\u00f3&hellip;  <a href=\"https:\/\/agora.xtec.cat\/instarragona\/portada\/us-recordem-biblioteca-oberta\/\" title=\"Read Us recordem: Biblioteca oberta\">Llegeix m\u00e9s\u00bb<\/a><\/p>\n","protected":false},"author":1,"featured_media":0,"comment_status":"open","ping_status":"closed","sticky":false,"template":"","format":"standard","meta":{"_bbp_topic_count":0,"_bbp_reply_count":0,"_bbp_total_topic_count":0,"_bbp_total_reply_count":0,"_bbp_voice_count":0,"_bbp_anonymous_reply_count":0,"_bbp_topic_count_hidden":0,"_bbp_reply_count_hidden":0,"_bbp_forum_subforum_count":0,"footnotes":""},"categories":[29],"tags":[107],"class_list":["post-3139","post","type-post","status-publish","format-standard","hentry","category-portada","tag-biblioteca"],"post_mailing_queue_ids":[],"_links":{"self":[{"href":"https:\/\/agora.xtec.cat\/instarragona\/wp-json\/wp\/v2\/posts\/3139","targetHints":{"allow":["GET"]}}],"collection":[{"href":"https:\/\/agora.xtec.cat\/instarragona\/wp-json\/wp\/v2\/posts"}],"about":[{"href":"https:\/\/agora.xtec.cat\/instarragona\/wp-json\/wp\/v2\/types\/post"}],"author":[{"embeddable":true,"href":"https:\/\/agora.xtec.cat\/instarragona\/wp-json\/wp\/v2\/users\/1"}],"replies":[{"embeddable":true,"href":"https:\/\/agora.xtec.cat\/instarragona\/wp-json\/wp\/v2\/comments?post=3139"}],"version-history":[{"count":3,"href":"https:\/\/agora.xtec.cat\/instarragona\/wp-json\/wp\/v2\/posts\/3139\/revisions"}],"predecessor-version":[{"id":3165,"href":"https:\/\/agora.xtec.cat\/instarragona\/wp-json\/wp\/v2\/posts\/3139\/revisions\/3165"}],"wp:attachment":[{"href":"https:\/\/agora.xtec.cat\/instarragona\/wp-json\/wp\/v2\/media?parent=3139"}],"wp:term":[{"taxonomy":"category","embeddable":true,"href":"https:\/\/agora.xtec.cat\/instarragona\/wp-json\/wp\/v2\/categories?post=3139"},{"taxonomy":"post_tag","embeddable":true,"href":"https:\/\/agora.xtec.cat\/instarragona\/wp-json\/wp\/v2\/tags?post=3139"}],"curies":[{"name":"wp","href":"https:\/\/api.w.org\/{rel}","templated":true}]}}