{"id":3134,"date":"2022-04-04T08:48:18","date_gmt":"2022-04-04T06:48:18","guid":{"rendered":"https:\/\/agora.xtec.cat\/instarragona\/?p=3134"},"modified":"2022-04-04T08:48:18","modified_gmt":"2022-04-04T06:48:18","slug":"ja-ha-arribat-el-forum-trics","status":"publish","type":"post","link":"https:\/\/agora.xtec.cat\/instarragona\/batxillerat\/ja-ha-arribat-el-forum-trics\/","title":{"rendered":"Ja ha arribat el Forum Trics!"},"content":{"rendered":"<p>Com cada any tenim una cita indiscutible amb el <a href=\"https:\/\/www.campuseducatiudetarragona.cat\/forumtrics\/\">F\u00f2rum Trics<\/a>.\u00a0Un F\u00f2rum de Treballs de Recerca organitzat pel Departament d\u2019Educaci\u00f3 i l\u2019Associaci\u00f3 Empresarial Qu\u00edmica de Tarragona (AEQT) per tal de contribuir en el proc\u00e9s de formaci\u00f3 dels joves.<\/p>\n<p>El Forum Trics permet intercanviar experi\u00e8ncies entre l&#8217;alumnat de la prov\u00edncia. L\u2019alumnat de 2n de batxillerat t\u00e9 l\u2019oportunitat de presentar la feina feta, per motivar als companys de primer curs en la recerca i l\u2019elaboraci\u00f3 dels treballs que es proposen dur a terme el curs vinent.<\/p>\n<p>Quins treballs!!<\/p>\n<p><img loading=\"lazy\" decoding=\"async\" class=\"aligncenter size-full wp-image-3136\" src=\"https:\/\/agora.xtec.cat\/instarragona\/wp-content\/uploads\/usu484\/2022\/04\/Captura-de-pantalla-2022-04-04-084640.jpg\" alt=\"\" width=\"398\" height=\"500\" srcset=\"https:\/\/agora.xtec.cat\/instarragona\/wp-content\/uploads\/usu484\/2022\/04\/Captura-de-pantalla-2022-04-04-084640.jpg 398w, https:\/\/agora.xtec.cat\/instarragona\/wp-content\/uploads\/usu484\/2022\/04\/Captura-de-pantalla-2022-04-04-084640-239x300.jpg 239w\" sizes=\"auto, (max-width: 398px) 100vw, 398px\" \/><\/p>\n<p>&nbsp;<\/p>\n<p><img loading=\"lazy\" decoding=\"async\" class=\"aligncenter size-full wp-image-3137\" src=\"https:\/\/agora.xtec.cat\/instarragona\/wp-content\/uploads\/usu484\/2022\/04\/Captura-de-pantalla-2022-04-04-084722.jpg\" alt=\"\" width=\"659\" height=\"519\" srcset=\"https:\/\/agora.xtec.cat\/instarragona\/wp-content\/uploads\/usu484\/2022\/04\/Captura-de-pantalla-2022-04-04-084722.jpg 659w, https:\/\/agora.xtec.cat\/instarragona\/wp-content\/uploads\/usu484\/2022\/04\/Captura-de-pantalla-2022-04-04-084722-300x236.jpg 300w\" sizes=\"auto, (max-width: 659px) 100vw, 659px\" \/><\/p>\n<p><img loading=\"lazy\" decoding=\"async\" class=\"aligncenter size-full wp-image-3135\" src=\"https:\/\/agora.xtec.cat\/instarragona\/wp-content\/uploads\/usu484\/2022\/04\/Captura-de-pantalla-2022-04-04-084316.jpg\" alt=\"\" width=\"651\" height=\"443\" srcset=\"https:\/\/agora.xtec.cat\/instarragona\/wp-content\/uploads\/usu484\/2022\/04\/Captura-de-pantalla-2022-04-04-084316.jpg 651w, https:\/\/agora.xtec.cat\/instarragona\/wp-content\/uploads\/usu484\/2022\/04\/Captura-de-pantalla-2022-04-04-084316-300x204.jpg 300w\" sizes=\"auto, (max-width: 651px) 100vw, 651px\" \/><\/p>\n<p>M\u00e9s <a href=\"https:\/\/drive.google.com\/drive\/folders\/1A96-EyYQwaCGHJ-JFVF0xurUoHz-vvIk?usp=sharing\">imatges<\/a> de les nostres protagonistes en acci\u00f3.<\/p>\n<p>&nbsp;<\/p>\n","protected":false},"excerpt":{"rendered":"<p>Com cada any tenim una cita indiscutible amb el <a href=\"https:\/\/www.campuseducatiudetarragona.cat\/forumtrics\/\">F\u00f2rum Trics<\/a>.\u00a0Un F\u00f2rum de Treballs de Recerca organitzat pel Departament d\u2019Educaci\u00f3 i l\u2019Associaci\u00f3 Empresarial Qu\u00edmica de Tarragona (AEQT) per tal de contribuir en el proc\u00e9s de formaci\u00f3 dels joves.<br \/>\nEl Forum Trics permet intercanviar experi\u00e8ncies entre&hellip;  <a href=\"https:\/\/agora.xtec.cat\/instarragona\/batxillerat\/ja-ha-arribat-el-forum-trics\/\" title=\"Read Ja ha arribat el Forum Trics!\">Llegeix m\u00e9s\u00bb<\/a><\/p>\n","protected":false},"author":1,"featured_media":3136,"comment_status":"open","ping_status":"closed","sticky":false,"template":"","format":"standard","meta":{"_bbp_topic_count":0,"_bbp_reply_count":0,"_bbp_total_topic_count":0,"_bbp_total_reply_count":0,"_bbp_voice_count":0,"_bbp_anonymous_reply_count":0,"_bbp_topic_count_hidden":0,"_bbp_reply_count_hidden":0,"_bbp_forum_subforum_count":0,"footnotes":""},"categories":[8,29],"tags":[108],"class_list":["post-3134","post","type-post","status-publish","format-standard","has-post-thumbnail","hentry","category-batxillerat","category-portada","tag-activitats"],"post_mailing_queue_ids":[],"_links":{"self":[{"href":"https:\/\/agora.xtec.cat\/instarragona\/wp-json\/wp\/v2\/posts\/3134","targetHints":{"allow":["GET"]}}],"collection":[{"href":"https:\/\/agora.xtec.cat\/instarragona\/wp-json\/wp\/v2\/posts"}],"about":[{"href":"https:\/\/agora.xtec.cat\/instarragona\/wp-json\/wp\/v2\/types\/post"}],"author":[{"embeddable":true,"href":"https:\/\/agora.xtec.cat\/instarragona\/wp-json\/wp\/v2\/users\/1"}],"replies":[{"embeddable":true,"href":"https:\/\/agora.xtec.cat\/instarragona\/wp-json\/wp\/v2\/comments?post=3134"}],"version-history":[{"count":1,"href":"https:\/\/agora.xtec.cat\/instarragona\/wp-json\/wp\/v2\/posts\/3134\/revisions"}],"predecessor-version":[{"id":3138,"href":"https:\/\/agora.xtec.cat\/instarragona\/wp-json\/wp\/v2\/posts\/3134\/revisions\/3138"}],"wp:featuredmedia":[{"embeddable":true,"href":"https:\/\/agora.xtec.cat\/instarragona\/wp-json\/wp\/v2\/media\/3136"}],"wp:attachment":[{"href":"https:\/\/agora.xtec.cat\/instarragona\/wp-json\/wp\/v2\/media?parent=3134"}],"wp:term":[{"taxonomy":"category","embeddable":true,"href":"https:\/\/agora.xtec.cat\/instarragona\/wp-json\/wp\/v2\/categories?post=3134"},{"taxonomy":"post_tag","embeddable":true,"href":"https:\/\/agora.xtec.cat\/instarragona\/wp-json\/wp\/v2\/tags?post=3134"}],"curies":[{"name":"wp","href":"https:\/\/api.w.org\/{rel}","templated":true}]}}