{"id":3130,"date":"2022-04-04T08:31:50","date_gmt":"2022-04-04T06:31:50","guid":{"rendered":"https:\/\/agora.xtec.cat\/instarragona\/?p=3130"},"modified":"2022-04-21T09:11:32","modified_gmt":"2022-04-21T07:11:32","slug":"mines-de-bellmunt-heu-anat-mai","status":"publish","type":"post","link":"https:\/\/agora.xtec.cat\/instarragona\/eso\/eso-2\/mines-de-bellmunt-heu-anat-mai\/","title":{"rendered":"Mines de Bellmunt. Hi heu anat mai?"},"content":{"rendered":"<p>Doncs, s\u00ed, els nostres alumnes de 2n d&#8217;ESO hi han anat!<\/p>\n<p>Les <a href=\"http:\/\/www.minesbellmunt.com\/\">Mines de Bellmunt<\/a>\u00a0 permeten la visita de la mina Eug\u00e8nia, un centre d\u2019interpretaci\u00f3 de la mineria del plom a la comarca del Priorat. L&#8217;espai et permet endinsar-te a les fant\u00e0stiques galeries de la mina i fer-te el c\u00e0rrec de com treballaven, en el seu dia, els miners de la comarca. A m\u00e9s a m\u00e9s, disposa d&#8217;un espai d&#8217;exposici\u00f3 molt interessant.<\/p>\n<p><img loading=\"lazy\" decoding=\"async\" class=\"aligncenter size-full wp-image-3131\" src=\"https:\/\/agora.xtec.cat\/instarragona\/wp-content\/uploads\/usu484\/2022\/04\/CAP2.jpg\" alt=\"\" width=\"378\" height=\"516\" srcset=\"https:\/\/agora.xtec.cat\/instarragona\/wp-content\/uploads\/usu484\/2022\/04\/CAP2.jpg 378w, https:\/\/agora.xtec.cat\/instarragona\/wp-content\/uploads\/usu484\/2022\/04\/CAP2-220x300.jpg 220w\" sizes=\"auto, (max-width: 378px) 100vw, 378px\" \/><\/p>\n<p>100% recomenable!<\/p>\n<p>M\u00e9s <a href=\"https:\/\/drive.google.com\/drive\/folders\/1AFQODVLJQs8u5mn2CGhrE43_09PWS5cD?usp=sharing\">imatges<\/a> per quedar-te meravellat.<\/p>\n<p>&nbsp;<\/p>\n","protected":false},"excerpt":{"rendered":"<p>Doncs, s\u00ed, els nostres alumnes de 2n d&#8217;ESO hi han anat!<br \/>\nLes <a href=\"http:\/\/www.minesbellmunt.com\/\">Mines de Bellmunt<\/a>\u00a0 permeten la visita de la mina Eug\u00e8nia, un centre d\u2019interpretaci\u00f3 de la mineria del plom a la comarca del Priorat. L&#8217;espai et permet endinsar-te a les fant\u00e0stiques galeries de la&hellip;  <a href=\"https:\/\/agora.xtec.cat\/instarragona\/eso\/eso-2\/mines-de-bellmunt-heu-anat-mai\/\" title=\"Read Mines de Bellmunt. Hi heu anat mai?\">Llegeix m\u00e9s\u00bb<\/a><\/p>\n","protected":false},"author":1,"featured_media":3132,"comment_status":"open","ping_status":"closed","sticky":false,"template":"","format":"standard","meta":{"_bbp_topic_count":0,"_bbp_reply_count":0,"_bbp_total_topic_count":0,"_bbp_total_reply_count":0,"_bbp_voice_count":0,"_bbp_anonymous_reply_count":0,"_bbp_topic_count_hidden":0,"_bbp_reply_count_hidden":0,"_bbp_forum_subforum_count":0,"footnotes":""},"categories":[5,29],"tags":[120],"class_list":["post-3130","post","type-post","status-publish","format-standard","has-post-thumbnail","hentry","category-eso-2","category-portada","tag-socials"],"post_mailing_queue_ids":[],"_links":{"self":[{"href":"https:\/\/agora.xtec.cat\/instarragona\/wp-json\/wp\/v2\/posts\/3130","targetHints":{"allow":["GET"]}}],"collection":[{"href":"https:\/\/agora.xtec.cat\/instarragona\/wp-json\/wp\/v2\/posts"}],"about":[{"href":"https:\/\/agora.xtec.cat\/instarragona\/wp-json\/wp\/v2\/types\/post"}],"author":[{"embeddable":true,"href":"https:\/\/agora.xtec.cat\/instarragona\/wp-json\/wp\/v2\/users\/1"}],"replies":[{"embeddable":true,"href":"https:\/\/agora.xtec.cat\/instarragona\/wp-json\/wp\/v2\/comments?post=3130"}],"version-history":[{"count":2,"href":"https:\/\/agora.xtec.cat\/instarragona\/wp-json\/wp\/v2\/posts\/3130\/revisions"}],"predecessor-version":[{"id":3183,"href":"https:\/\/agora.xtec.cat\/instarragona\/wp-json\/wp\/v2\/posts\/3130\/revisions\/3183"}],"wp:featuredmedia":[{"embeddable":true,"href":"https:\/\/agora.xtec.cat\/instarragona\/wp-json\/wp\/v2\/media\/3132"}],"wp:attachment":[{"href":"https:\/\/agora.xtec.cat\/instarragona\/wp-json\/wp\/v2\/media?parent=3130"}],"wp:term":[{"taxonomy":"category","embeddable":true,"href":"https:\/\/agora.xtec.cat\/instarragona\/wp-json\/wp\/v2\/categories?post=3130"},{"taxonomy":"post_tag","embeddable":true,"href":"https:\/\/agora.xtec.cat\/instarragona\/wp-json\/wp\/v2\/tags?post=3130"}],"curies":[{"name":"wp","href":"https:\/\/api.w.org\/{rel}","templated":true}]}}