{"id":3095,"date":"2022-03-14T12:08:46","date_gmt":"2022-03-14T11:08:46","guid":{"rendered":"https:\/\/agora.xtec.cat\/instarragona\/?p=3095"},"modified":"2022-03-14T12:20:03","modified_gmt":"2022-03-14T11:20:03","slug":"olimpiada-de-geografia-medalla-de-bronze","status":"publish","type":"post","link":"https:\/\/agora.xtec.cat\/instarragona\/general\/olimpiada-de-geografia-medalla-de-bronze\/","title":{"rendered":"Olimp\u00edada de Geografia: medalla de Bronze!"},"content":{"rendered":"<p>Estem d\u2019enhorabona!!!\u00a0<span class=\"_5mfr\"><span class=\"_6qdm\">\ud83c\udfc6<\/span><\/span><\/p>\n<p>L\u2019Institut ha participat en la XIII <strong><a href=\"https:\/\/drive.google.com\/drive\/folders\/1TVIL_bNDizRUwuRzVQXxn0D2D8Y5d7lN?usp=sharing\">Olimp\u00edada de Geografia<\/a><\/strong> organitzada pel Col\u00b7legi de Ge\u00f2grafs, el Departament de Geografia de la\u00a0<strong><a class=\"profileLink\" href=\"https:\/\/www.facebook.com\/universitatURV\/?fref=mentions&amp;__xts__%5B0%5D=68.ARDxIIjqA8DTvrEShhcQPko59nucbHZksmFEDwzB0N34EH6-D9C1nhPhJEGUgpn9Ng-fAYpzENNGcPkbXVuWWfaI0lTE8ejT7ISLk6Q5TB20sYkXWz4n-cZMNOuhb7-TXMpPt0KlLg2cP0ANEjIwaUDe8l6zmAyUsFf_bZgSNtQI2anj-W3LLJmz9PXYJrovJPWcOEvN2lK3AC7Vj2CSmIEV32xZraWSDucOcvSAtsEaUmJpfmzGPXD686xerBbavCWyKER9yIM6XdYZUHYuOba1y578ui-Z4E16vHi7cybp8SHPwZaBpg&amp;__tn__=K-R\">Universitat Rovira i Virgili &#8211; URV<\/a><\/strong> i la Facultat de Turisme i Geografia del Campus Vila-Seca. En aquesta fase local, a nivell de Districte Universitari, hem quedat 3rs, D&#8217;un total de 24 centres i 125 alumnes.<\/p>\n<p>La Medalla de Bronze, en categoria grupal s&#8217;ha aconseguit gr\u00e0cies a la fant\u00e0stica participaci\u00f3 de Quim Le\u00f3n, Guillem Llecha, Albert Montany\u00e0, Joan Sober\u00e0 i Abril Torvisco de 2n BAT i a la individual per part de Quim Le\u00f3n.<br \/>\nFelicitats!!!<br \/>\n<img loading=\"lazy\" decoding=\"async\" class=\"aligncenter wp-image-3098\" src=\"https:\/\/agora.xtec.cat\/instarragona\/wp-content\/uploads\/usu484\/2022\/03\/IMG20220311085825.jpg\" alt=\"\" width=\"689\" height=\"439\" srcset=\"https:\/\/agora.xtec.cat\/instarragona\/wp-content\/uploads\/usu484\/2022\/03\/IMG20220311085825.jpg 618w, https:\/\/agora.xtec.cat\/instarragona\/wp-content\/uploads\/usu484\/2022\/03\/IMG20220311085825-300x191.jpg 300w\" sizes=\"auto, (max-width: 689px) 100vw, 689px\" \/><\/p>\n<p>La fase estatal tindr\u00e0 lloc els dies 1 i 2 d\u2019abril a Miraflores de la Sierra (Madrid).\u00a0\u00a0<span class=\"_5mfr\"><span class=\"_6qdm\">\ud83c\udf40<\/span><\/span><span class=\"_5mfr\"><span class=\"_6qdm\">\ud83c\udf40<\/span><\/span><span class=\"_5mfr\"><span class=\"_6qdm\">\ud83c\udf40<\/span><\/span><span class=\"_5mfr\"><span class=\"_6qdm\">\ud83c\udf40<\/span><\/span><span class=\"_5mfr\"><span class=\"_6qdm\">\ud83c\udf40<\/span><\/span><\/p>\n<p><a class=\"_58cn\" href=\"https:\/\/www.facebook.com\/hashtag\/sominstgn?__eep__=6&amp;source=feed_text&amp;epa=HASHTAG&amp;__xts__%5B0%5D=68.ARDxIIjqA8DTvrEShhcQPko59nucbHZksmFEDwzB0N34EH6-D9C1nhPhJEGUgpn9Ng-fAYpzENNGcPkbXVuWWfaI0lTE8ejT7ISLk6Q5TB20sYkXWz4n-cZMNOuhb7-TXMpPt0KlLg2cP0ANEjIwaUDe8l6zmAyUsFf_bZgSNtQI2anj-W3LLJmz9PXYJrovJPWcOEvN2lK3AC7Vj2CSmIEV32xZraWSDucOcvSAtsEaUmJpfmzGPXD686xerBbavCWyKER9yIM6XdYZUHYuOba1y578ui-Z4E16vHi7cybp8SHPwZaBpg&amp;__tn__=%2ANK-R\" data-ft=\"{&quot;type&quot;:104,&quot;tn&quot;:&quot;*N&quot;}\"><span class=\"_5afx\"><span class=\"_58cl _5afz\" aria-label=\"etiqueta\">#<\/span><span class=\"_58cm\">sominstgn<\/span><\/span><\/a>\u00a0<a class=\"_58cn\" href=\"https:\/\/www.facebook.com\/hashtag\/feminstgn?__eep__=6&amp;source=feed_text&amp;epa=HASHTAG&amp;__xts__%5B0%5D=68.ARDxIIjqA8DTvrEShhcQPko59nucbHZksmFEDwzB0N34EH6-D9C1nhPhJEGUgpn9Ng-fAYpzENNGcPkbXVuWWfaI0lTE8ejT7ISLk6Q5TB20sYkXWz4n-cZMNOuhb7-TXMpPt0KlLg2cP0ANEjIwaUDe8l6zmAyUsFf_bZgSNtQI2anj-W3LLJmz9PXYJrovJPWcOEvN2lK3AC7Vj2CSmIEV32xZraWSDucOcvSAtsEaUmJpfmzGPXD686xerBbavCWyKER9yIM6XdYZUHYuOba1y578ui-Z4E16vHi7cybp8SHPwZaBpg&amp;__tn__=%2ANK-R\" data-ft=\"{&quot;type&quot;:104,&quot;tn&quot;:&quot;*N&quot;}\"><span class=\"_5afx\"><span class=\"_58cl _5afz\" aria-label=\"etiqueta\">#<\/span><span class=\"_58cm\">feminstgn<\/span><\/span><\/a>\u00a0<a class=\"_58cn\" href=\"https:\/\/www.facebook.com\/hashtag\/instituttarragon?__eep__=6&amp;source=feed_text&amp;epa=HASHTAG&amp;__xts__%5B0%5D=68.ARDxIIjqA8DTvrEShhcQPko59nucbHZksmFEDwzB0N34EH6-D9C1nhPhJEGUgpn9Ng-fAYpzENNGcPkbXVuWWfaI0lTE8ejT7ISLk6Q5TB20sYkXWz4n-cZMNOuhb7-TXMpPt0KlLg2cP0ANEjIwaUDe8l6zmAyUsFf_bZgSNtQI2anj-W3LLJmz9PXYJrovJPWcOEvN2lK3AC7Vj2CSmIEV32xZraWSDucOcvSAtsEaUmJpfmzGPXD686xerBbavCWyKER9yIM6XdYZUHYuOba1y578ui-Z4E16vHi7cybp8SHPwZaBpg&amp;__tn__=%2ANK-R\" data-ft=\"{&quot;type&quot;:104,&quot;tn&quot;:&quot;*N&quot;}\"><span class=\"_5afx\"><span class=\"_58cl _5afz\" aria-label=\"etiqueta\">#<\/span><span class=\"_58cm\">instituttarragon<\/span><\/span><\/a><\/p>\n<p>&nbsp;<\/p>\n<p>&nbsp;<\/p>\n","protected":false},"excerpt":{"rendered":"<p>Estem d\u2019enhorabona!!!\u00a0\ud83c\udfc6<br \/>\nL\u2019Institut ha participat en la XIII <a href=\"https:\/\/drive.google.com\/drive\/folders\/1TVIL_bNDizRUwuRzVQXxn0D2D8Y5d7lN?usp=sharing\">Olimp\u00edada de Geografia<\/a> organitzada pel Col\u00b7legi de Ge\u00f2grafs, el Departament de Geografia de la\u00a0<a class=\"profileLink\" href=\"https:\/\/www.facebook.com\/universitatURV\/?fref=mentions&amp;__xts__%5B0%5D=68.ARDxIIjqA8DTvrEShhcQPko59nucbHZksmFEDwzB0N34EH6-D9C1nhPhJEGUgpn9Ng-fAYpzENNGcPkbXVuWWfaI0lTE8ejT7ISLk6Q5TB20sYkXWz4n-cZMNOuhb7-TXMpPt0KlLg2cP0ANEjIwaUDe8l6zmAyUsFf_bZgSNtQI2anj-W3LLJmz9PXYJrovJPWcOEvN2lK3AC7Vj2CSmIEV32xZraWSDucOcvSAtsEaUmJpfmzGPXD686xerBbavCWyKER9yIM6XdYZUHYuOba1y578ui-Z4E16vHi7cybp8SHPwZaBpg&amp;__tn__=K-R\">Universitat Rovira i Virgili &#8211; URV<\/a> i la Facultat de Turisme i Geografia del Campus Vila-Seca. En aquesta fase local, a nivell&hellip;  <a href=\"https:\/\/agora.xtec.cat\/instarragona\/general\/olimpiada-de-geografia-medalla-de-bronze\/\" title=\"Read Olimp\u00edada de Geografia: medalla de Bronze!\">Llegeix m\u00e9s\u00bb<\/a><\/p>\n","protected":false},"author":1,"featured_media":3096,"comment_status":"open","ping_status":"closed","sticky":false,"template":"","format":"standard","meta":{"_bbp_topic_count":0,"_bbp_reply_count":0,"_bbp_total_topic_count":0,"_bbp_total_reply_count":0,"_bbp_voice_count":0,"_bbp_anonymous_reply_count":0,"_bbp_topic_count_hidden":0,"_bbp_reply_count_hidden":0,"_bbp_forum_subforum_count":0,"footnotes":""},"categories":[1,29],"tags":[133],"class_list":["post-3095","post","type-post","status-publish","format-standard","has-post-thumbnail","hentry","category-general","category-portada","tag-geografia-i-historia"],"post_mailing_queue_ids":[],"_links":{"self":[{"href":"https:\/\/agora.xtec.cat\/instarragona\/wp-json\/wp\/v2\/posts\/3095","targetHints":{"allow":["GET"]}}],"collection":[{"href":"https:\/\/agora.xtec.cat\/instarragona\/wp-json\/wp\/v2\/posts"}],"about":[{"href":"https:\/\/agora.xtec.cat\/instarragona\/wp-json\/wp\/v2\/types\/post"}],"author":[{"embeddable":true,"href":"https:\/\/agora.xtec.cat\/instarragona\/wp-json\/wp\/v2\/users\/1"}],"replies":[{"embeddable":true,"href":"https:\/\/agora.xtec.cat\/instarragona\/wp-json\/wp\/v2\/comments?post=3095"}],"version-history":[{"count":3,"href":"https:\/\/agora.xtec.cat\/instarragona\/wp-json\/wp\/v2\/posts\/3095\/revisions"}],"predecessor-version":[{"id":3102,"href":"https:\/\/agora.xtec.cat\/instarragona\/wp-json\/wp\/v2\/posts\/3095\/revisions\/3102"}],"wp:featuredmedia":[{"embeddable":true,"href":"https:\/\/agora.xtec.cat\/instarragona\/wp-json\/wp\/v2\/media\/3096"}],"wp:attachment":[{"href":"https:\/\/agora.xtec.cat\/instarragona\/wp-json\/wp\/v2\/media?parent=3095"}],"wp:term":[{"taxonomy":"category","embeddable":true,"href":"https:\/\/agora.xtec.cat\/instarragona\/wp-json\/wp\/v2\/categories?post=3095"},{"taxonomy":"post_tag","embeddable":true,"href":"https:\/\/agora.xtec.cat\/instarragona\/wp-json\/wp\/v2\/tags?post=3095"}],"curies":[{"name":"wp","href":"https:\/\/api.w.org\/{rel}","templated":true}]}}