{"id":3068,"date":"2022-03-09T10:23:46","date_gmt":"2022-03-09T09:23:46","guid":{"rendered":"https:\/\/agora.xtec.cat\/instarragona\/?p=3068"},"modified":"2022-03-09T10:25:07","modified_gmt":"2022-03-09T09:25:07","slug":"hem-vestit-de-lila-linstitut","status":"publish","type":"post","link":"https:\/\/agora.xtec.cat\/instarragona\/portada\/hem-vestit-de-lila-linstitut\/","title":{"rendered":"Hem vestit de lila l&#8217;institut"},"content":{"rendered":"<h3 style=\"text-align: center;\"><span style=\"color: #cc99ff;\">8 DE MAR\u00c7<\/span><\/h3>\n<h2 style=\"text-align: center;\"><span style=\"color: #cc99ff;\"><strong>L&#8217;INSTITUT EN FEMEN\u00cd<\/strong><\/span><\/h2>\n<h3 style=\"text-align: center;\"><span style=\"color: #000000;\">Dia Internacional de les Dones<\/span><\/h3>\n<p>Dones que sabem fer coses amb destresa, amb habilitat, amb const\u00e0ncia, amb organitzaci\u00f3, amb experi\u00e8ncia, amb estudis&#8230; alumnes, esportistes, professores, escriptores, conserges, ballarines&#8230; i totes som a l&#8217;institut Tarragona! I som bones, molt bones!<\/p>\n<p><img loading=\"lazy\" decoding=\"async\" class=\"aligncenter size-full wp-image-3069\" src=\"https:\/\/agora.xtec.cat\/instarragona\/wp-content\/uploads\/usu484\/2022\/03\/Captura-2.jpg\" alt=\"\" width=\"1111\" height=\"769\" srcset=\"https:\/\/agora.xtec.cat\/instarragona\/wp-content\/uploads\/usu484\/2022\/03\/Captura-2.jpg 1111w, https:\/\/agora.xtec.cat\/instarragona\/wp-content\/uploads\/usu484\/2022\/03\/Captura-2-300x208.jpg 300w, https:\/\/agora.xtec.cat\/instarragona\/wp-content\/uploads\/usu484\/2022\/03\/Captura-2-1024x709.jpg 1024w, https:\/\/agora.xtec.cat\/instarragona\/wp-content\/uploads\/usu484\/2022\/03\/Captura-2-768x532.jpg 768w\" sizes=\"auto, (max-width: 1111px) 100vw, 1111px\" \/><\/p>\n<p>&nbsp;<\/p>\n<p><img loading=\"lazy\" decoding=\"async\" class=\"aligncenter size-full wp-image-3070\" src=\"https:\/\/agora.xtec.cat\/instarragona\/wp-content\/uploads\/usu484\/2022\/03\/Captura-3.jpg\" alt=\"\" width=\"1005\" height=\"733\" srcset=\"https:\/\/agora.xtec.cat\/instarragona\/wp-content\/uploads\/usu484\/2022\/03\/Captura-3.jpg 1005w, https:\/\/agora.xtec.cat\/instarragona\/wp-content\/uploads\/usu484\/2022\/03\/Captura-3-300x219.jpg 300w, https:\/\/agora.xtec.cat\/instarragona\/wp-content\/uploads\/usu484\/2022\/03\/Captura-3-768x560.jpg 768w\" sizes=\"auto, (max-width: 1005px) 100vw, 1005px\" \/><\/p>\n<h4 style=\"text-align: center;\"><strong>Avancem cap a una normalitat feminista, t&#8217;hi apuntes?<\/strong><\/h4>\n<p style=\"text-align: center;\"><iframe loading=\"lazy\" title=\"YouTube video player\" src=\"https:\/\/www.youtube.com\/embed\/Om9BI3lYbo0\" width=\"560\" height=\"315\" frameborder=\"0\" allowfullscreen=\"allowfullscreen\"><\/iframe><\/p>\n","protected":false},"excerpt":{"rendered":"<p>8 DE MAR\u00c7<br \/>\nL&#8217;INSTITUT EN FEMEN\u00cd<br \/>\nDia Internacional de les Dones<br \/>\nDones que sabem fer coses amb destresa, amb habilitat, amb const\u00e0ncia, amb organitzaci\u00f3, amb experi\u00e8ncia, amb estudis&#8230; alumnes, esportistes, professores, escriptores, conserges, ballarines&#8230; i totes som a l&#8217;institut Tarragona! I som bones, molt bones!<\/p>\n<p>&nbsp;<\/p>\n<p>Avancem cap a una&hellip;  <a href=\"https:\/\/agora.xtec.cat\/instarragona\/portada\/hem-vestit-de-lila-linstitut\/\" title=\"Read Hem vestit de lila l&#8217;institut\">Llegeix m\u00e9s\u00bb<\/a><\/p>\n","protected":false},"author":1,"featured_media":3069,"comment_status":"open","ping_status":"closed","sticky":false,"template":"","format":"standard","meta":{"_bbp_topic_count":0,"_bbp_reply_count":0,"_bbp_total_topic_count":0,"_bbp_total_reply_count":0,"_bbp_voice_count":0,"_bbp_anonymous_reply_count":0,"_bbp_topic_count_hidden":0,"_bbp_reply_count_hidden":0,"_bbp_forum_subforum_count":0,"footnotes":""},"categories":[29],"tags":[108],"class_list":["post-3068","post","type-post","status-publish","format-standard","has-post-thumbnail","hentry","category-portada","tag-activitats"],"post_mailing_queue_ids":[],"_links":{"self":[{"href":"https:\/\/agora.xtec.cat\/instarragona\/wp-json\/wp\/v2\/posts\/3068","targetHints":{"allow":["GET"]}}],"collection":[{"href":"https:\/\/agora.xtec.cat\/instarragona\/wp-json\/wp\/v2\/posts"}],"about":[{"href":"https:\/\/agora.xtec.cat\/instarragona\/wp-json\/wp\/v2\/types\/post"}],"author":[{"embeddable":true,"href":"https:\/\/agora.xtec.cat\/instarragona\/wp-json\/wp\/v2\/users\/1"}],"replies":[{"embeddable":true,"href":"https:\/\/agora.xtec.cat\/instarragona\/wp-json\/wp\/v2\/comments?post=3068"}],"version-history":[{"count":3,"href":"https:\/\/agora.xtec.cat\/instarragona\/wp-json\/wp\/v2\/posts\/3068\/revisions"}],"predecessor-version":[{"id":3073,"href":"https:\/\/agora.xtec.cat\/instarragona\/wp-json\/wp\/v2\/posts\/3068\/revisions\/3073"}],"wp:featuredmedia":[{"embeddable":true,"href":"https:\/\/agora.xtec.cat\/instarragona\/wp-json\/wp\/v2\/media\/3069"}],"wp:attachment":[{"href":"https:\/\/agora.xtec.cat\/instarragona\/wp-json\/wp\/v2\/media?parent=3068"}],"wp:term":[{"taxonomy":"category","embeddable":true,"href":"https:\/\/agora.xtec.cat\/instarragona\/wp-json\/wp\/v2\/categories?post=3068"},{"taxonomy":"post_tag","embeddable":true,"href":"https:\/\/agora.xtec.cat\/instarragona\/wp-json\/wp\/v2\/tags?post=3068"}],"curies":[{"name":"wp","href":"https:\/\/api.w.org\/{rel}","templated":true}]}}