{"id":3054,"date":"2022-03-03T11:06:49","date_gmt":"2022-03-03T10:06:49","guid":{"rendered":"https:\/\/agora.xtec.cat\/instarragona\/?p=3054"},"modified":"2022-03-03T11:07:31","modified_gmt":"2022-03-03T10:07:31","slug":"pixar-un-mon-molt-animat","status":"publish","type":"post","link":"https:\/\/agora.xtec.cat\/instarragona\/eso\/eso-4\/pixar-un-mon-molt-animat\/","title":{"rendered":"Pixar: un m\u00f3n molt animat"},"content":{"rendered":"<p>Sabeu que una pel\u00b7l\u00edcula de Pixar triga entre 3 i 5 anys a produir-se?<\/p>\n<p>Amb els alumnes de 4t d&#8217;ESO de la mat\u00e8ria d&#8217;Inform\u00e0tica hem anat a l&#8217;exposici\u00f3 de <strong><a href=\"https:\/\/caixaforum.org\/ca\/tarragona\/p\/pixar-construint-personatges_a29667583\">Pixar<\/a> <\/strong>i hem apr\u00e8s moltes coses m\u00e9s relacionades amb aquest m\u00f3n de l&#8217;animaci\u00f3. A les pel\u00b7l\u00edcules de Pixar, els objectes, les joguines i els bitxos prenen vida, s&#8217;humanitzen i ens fan sentir tot tipus d&#8217;emocions, ens fan riure i ens fan plorar. I com s&#8217;aconsegueix? La veritat \u00e9s que el proc\u00e9s de creaci\u00f3 \u00e9s espectacular!<\/p>\n<p><img loading=\"lazy\" decoding=\"async\" class=\"aligncenter size-full wp-image-3056\" src=\"https:\/\/agora.xtec.cat\/instarragona\/wp-content\/uploads\/usu484\/2022\/03\/Captura-1.jpg\" alt=\"\" width=\"650\" height=\"449\" srcset=\"https:\/\/agora.xtec.cat\/instarragona\/wp-content\/uploads\/usu484\/2022\/03\/Captura-1.jpg 650w, https:\/\/agora.xtec.cat\/instarragona\/wp-content\/uploads\/usu484\/2022\/03\/Captura-1-300x207.jpg 300w\" sizes=\"auto, (max-width: 650px) 100vw, 650px\" \/><\/p>\n<p>Ens agradaria resaltar dues frases extretes de les parets de l&#8217;exposici\u00f3. Ens han encantat!!<\/p>\n<h6 style=\"text-align: center;\"><strong><span style=\"color: #008000;\">&#8220;Primer descobrim quina hist\u00f2ria volem explicar i l&#8217;anem cisellant fins que en trobem l&#8217;ess\u00e8ncia. <\/span><span style=\"color: #008000;\">Aleshores, la millorem, la polim, li parem atenci\u00f3 i amor i, finalment, arriba a la pantalla. Hem apr\u00e8s a confiar en el proc\u00e9s.&#8221;<\/span><\/strong><\/h6>\n<h6 style=\"text-align: center;\"><strong>Joe Ranft<\/strong><\/h6>\n<h6 style=\"text-align: center;\"><\/h6>\n<h6 style=\"text-align: center;\"><strong><span style=\"color: #008000;\">&#8220;Es tot treball en equip. En aix\u00f2 no hi ha individualismes. <\/span><\/strong><br \/>\n<strong><span style=\"color: #008000;\">Tot \u00e9s q\u00fcesti\u00f3 de col\u00b7laboraci\u00f3 entre diferents tipus de persones amb diferents talents que s&#8217;ajunten per fer que una cosa funcioni&#8221;<\/span><\/strong><\/h6>\n<h6 style=\"text-align: center;\"><strong>Tia Kratter<\/strong><\/h6>\n<p><a href=\"https:\/\/drive.google.com\/drive\/folders\/1_1R7zaKxWRFHlGTKnZKfFRSt6qwz12gu?usp=sharing\"><strong>M\u00e9s imatges<\/strong><\/a> de l&#8217;activitat.<\/p>\n<div class=\"yj6qo\"><\/div>\n","protected":false},"excerpt":{"rendered":"<p>Sabeu que una pel\u00b7l\u00edcula de Pixar triga entre 3 i 5 anys a produir-se?<br \/>\nAmb els alumnes de 4t d&#8217;ESO de la mat\u00e8ria d&#8217;Inform\u00e0tica hem anat a l&#8217;exposici\u00f3 de <a href=\"https:\/\/caixaforum.org\/ca\/tarragona\/p\/pixar-construint-personatges_a29667583\">Pixar<\/a> i hem apr\u00e8s moltes coses m\u00e9s relacionades amb aquest m\u00f3n de l&#8217;animaci\u00f3. A les pel\u00b7l\u00edcules&hellip;  <a href=\"https:\/\/agora.xtec.cat\/instarragona\/eso\/eso-4\/pixar-un-mon-molt-animat\/\" title=\"Read Pixar: un m\u00f3n molt animat\">Llegeix m\u00e9s\u00bb<\/a><\/p>\n","protected":false},"author":1,"featured_media":3055,"comment_status":"open","ping_status":"closed","sticky":false,"template":"","format":"standard","meta":{"_bbp_topic_count":0,"_bbp_reply_count":0,"_bbp_total_topic_count":0,"_bbp_total_reply_count":0,"_bbp_voice_count":0,"_bbp_anonymous_reply_count":0,"_bbp_topic_count_hidden":0,"_bbp_reply_count_hidden":0,"_bbp_forum_subforum_count":0,"footnotes":""},"categories":[7,29],"tags":[39,110],"class_list":["post-3054","post","type-post","status-publish","format-standard","has-post-thumbnail","hentry","category-eso-4","category-portada","tag-sortides","tag-tecnologia"],"post_mailing_queue_ids":[],"_links":{"self":[{"href":"https:\/\/agora.xtec.cat\/instarragona\/wp-json\/wp\/v2\/posts\/3054","targetHints":{"allow":["GET"]}}],"collection":[{"href":"https:\/\/agora.xtec.cat\/instarragona\/wp-json\/wp\/v2\/posts"}],"about":[{"href":"https:\/\/agora.xtec.cat\/instarragona\/wp-json\/wp\/v2\/types\/post"}],"author":[{"embeddable":true,"href":"https:\/\/agora.xtec.cat\/instarragona\/wp-json\/wp\/v2\/users\/1"}],"replies":[{"embeddable":true,"href":"https:\/\/agora.xtec.cat\/instarragona\/wp-json\/wp\/v2\/comments?post=3054"}],"version-history":[{"count":2,"href":"https:\/\/agora.xtec.cat\/instarragona\/wp-json\/wp\/v2\/posts\/3054\/revisions"}],"predecessor-version":[{"id":3058,"href":"https:\/\/agora.xtec.cat\/instarragona\/wp-json\/wp\/v2\/posts\/3054\/revisions\/3058"}],"wp:featuredmedia":[{"embeddable":true,"href":"https:\/\/agora.xtec.cat\/instarragona\/wp-json\/wp\/v2\/media\/3055"}],"wp:attachment":[{"href":"https:\/\/agora.xtec.cat\/instarragona\/wp-json\/wp\/v2\/media?parent=3054"}],"wp:term":[{"taxonomy":"category","embeddable":true,"href":"https:\/\/agora.xtec.cat\/instarragona\/wp-json\/wp\/v2\/categories?post=3054"},{"taxonomy":"post_tag","embeddable":true,"href":"https:\/\/agora.xtec.cat\/instarragona\/wp-json\/wp\/v2\/tags?post=3054"}],"curies":[{"name":"wp","href":"https:\/\/api.w.org\/{rel}","templated":true}]}}