{"id":3043,"date":"2022-03-01T10:10:21","date_gmt":"2022-03-01T09:10:21","guid":{"rendered":"https:\/\/agora.xtec.cat\/instarragona\/?p=3043"},"modified":"2022-03-01T10:11:23","modified_gmt":"2022-03-01T09:11:23","slug":"reaccions-quimiques","status":"publish","type":"post","link":"https:\/\/agora.xtec.cat\/instarragona\/portada\/reaccions-quimiques\/","title":{"rendered":"Reaccions qu\u00edmiques"},"content":{"rendered":"<p>Els alumnes de 3r i 4t han anat al CaixaForum a fer una taller sobre les Reaccions qu\u00edmiques.<\/p>\n<p>Els objectius de l&#8217;activitat eren:<\/p>\n<ul style=\"list-style-type: disc;\">\n<li>Recon\u00e8ixer qu\u00e8 \u00e9s una reacci\u00f3 qu\u00edmica.<\/li>\n<li>Diferenciar els elements dels diferents compostos.<\/li>\n<li>Distingir les reaccions qu\u00edmiques que produeixen calor de les que l&#8217;absorbeixen.<\/li>\n<li>Comprendre i seguir les normes de seguretat imprescindibles per manipular determinades subst\u00e0ncies qu\u00edmiques.<\/li>\n<\/ul>\n<p><img loading=\"lazy\" decoding=\"async\" class=\"wp-image-3045 alignleft\" src=\"https:\/\/agora.xtec.cat\/instarragona\/wp-content\/uploads\/usu484\/2022\/03\/IMG-20220301-WA0003.jpg\" alt=\"\" width=\"630\" height=\"473\" srcset=\"https:\/\/agora.xtec.cat\/instarragona\/wp-content\/uploads\/usu484\/2022\/03\/IMG-20220301-WA0003.jpg 2048w, https:\/\/agora.xtec.cat\/instarragona\/wp-content\/uploads\/usu484\/2022\/03\/IMG-20220301-WA0003-300x225.jpg 300w, https:\/\/agora.xtec.cat\/instarragona\/wp-content\/uploads\/usu484\/2022\/03\/IMG-20220301-WA0003-1024x768.jpg 1024w, https:\/\/agora.xtec.cat\/instarragona\/wp-content\/uploads\/usu484\/2022\/03\/IMG-20220301-WA0003-768x576.jpg 768w, https:\/\/agora.xtec.cat\/instarragona\/wp-content\/uploads\/usu484\/2022\/03\/IMG-20220301-WA0003-1536x1152.jpg 1536w, https:\/\/agora.xtec.cat\/instarragona\/wp-content\/uploads\/usu484\/2022\/03\/IMG-20220301-WA0003-200x150.jpg 200w\" sizes=\"auto, (max-width: 630px) 100vw, 630px\" \/> <img loading=\"lazy\" decoding=\"async\" class=\"aligncenter wp-image-3046\" src=\"https:\/\/agora.xtec.cat\/instarragona\/wp-content\/uploads\/usu484\/2022\/03\/IMG-20220301-WA0004.jpg\" alt=\"\" width=\"642\" height=\"482\" srcset=\"https:\/\/agora.xtec.cat\/instarragona\/wp-content\/uploads\/usu484\/2022\/03\/IMG-20220301-WA0004.jpg 2048w, https:\/\/agora.xtec.cat\/instarragona\/wp-content\/uploads\/usu484\/2022\/03\/IMG-20220301-WA0004-300x225.jpg 300w, https:\/\/agora.xtec.cat\/instarragona\/wp-content\/uploads\/usu484\/2022\/03\/IMG-20220301-WA0004-1024x768.jpg 1024w, https:\/\/agora.xtec.cat\/instarragona\/wp-content\/uploads\/usu484\/2022\/03\/IMG-20220301-WA0004-768x576.jpg 768w, https:\/\/agora.xtec.cat\/instarragona\/wp-content\/uploads\/usu484\/2022\/03\/IMG-20220301-WA0004-1536x1152.jpg 1536w, https:\/\/agora.xtec.cat\/instarragona\/wp-content\/uploads\/usu484\/2022\/03\/IMG-20220301-WA0004-200x150.jpg 200w\" sizes=\"auto, (max-width: 642px) 100vw, 642px\" \/><\/p>\n<p>&nbsp;<\/p>\n<p><img loading=\"lazy\" decoding=\"async\" class=\"aligncenter wp-image-3047\" src=\"https:\/\/agora.xtec.cat\/instarragona\/wp-content\/uploads\/usu484\/2022\/03\/IMG-20220301-WA0005.jpg\" alt=\"\" width=\"735\" height=\"551\" srcset=\"https:\/\/agora.xtec.cat\/instarragona\/wp-content\/uploads\/usu484\/2022\/03\/IMG-20220301-WA0005.jpg 2048w, https:\/\/agora.xtec.cat\/instarragona\/wp-content\/uploads\/usu484\/2022\/03\/IMG-20220301-WA0005-300x225.jpg 300w, https:\/\/agora.xtec.cat\/instarragona\/wp-content\/uploads\/usu484\/2022\/03\/IMG-20220301-WA0005-1024x768.jpg 1024w, https:\/\/agora.xtec.cat\/instarragona\/wp-content\/uploads\/usu484\/2022\/03\/IMG-20220301-WA0005-768x576.jpg 768w, https:\/\/agora.xtec.cat\/instarragona\/wp-content\/uploads\/usu484\/2022\/03\/IMG-20220301-WA0005-1536x1152.jpg 1536w, https:\/\/agora.xtec.cat\/instarragona\/wp-content\/uploads\/usu484\/2022\/03\/IMG-20220301-WA0005-200x150.jpg 200w\" sizes=\"auto, (max-width: 735px) 100vw, 735px\" \/><\/p>\n<p>Moltes m\u00e9s imatges <strong><a href=\"https:\/\/drive.google.com\/drive\/folders\/1k2uH8obb_5PIkLNapgmqG7GRS9NYquJJ?usp=sharing\">aqu\u00ed<\/a> <\/strong>mateix!<\/p>\n","protected":false},"excerpt":{"rendered":"<p>Els alumnes de 3r i 4t han anat al CaixaForum a fer una taller sobre les Reaccions qu\u00edmiques.<br \/>\nEls objectius de l&#8217;activitat eren:<\/p>\n<ul style=\"list-style-type: disc;\">\n<li>Recon\u00e8ixer qu\u00e8 \u00e9s una reacci\u00f3 qu\u00edmica.<\/li>\n<li>Diferenciar els elements dels diferents compostos.<\/li>\n<li>Distingir les reaccions qu\u00edmiques que produeixen calor de les que l&#8217;absorbeixen.<\/li>\n<li>Comprendre i&hellip;  <a href=\"https:\/\/agora.xtec.cat\/instarragona\/portada\/reaccions-quimiques\/\" title=\"Read Reaccions qu\u00edmiques\">Llegeix m\u00e9s\u00bb<\/a><br \/>\n","protected":false},"author":1,"featured_media":3044,"comment_status":"open","ping_status":"closed","sticky":false,"template":"","format":"standard","meta":{"_bbp_topic_count":0,"_bbp_reply_count":0,"_bbp_total_topic_count":0,"_bbp_total_reply_count":0,"_bbp_voice_count":0,"_bbp_anonymous_reply_count":0,"_bbp_topic_count_hidden":0,"_bbp_reply_count_hidden":0,"_bbp_forum_subforum_count":0,"footnotes":""},"categories":[29],"tags":[116],"class_list":["post-3043","post","type-post","status-publish","format-standard","has-post-thumbnail","hentry","category-portada","tag-ciencies"],"post_mailing_queue_ids":[],"_links":{"self":[{"href":"https:\/\/agora.xtec.cat\/instarragona\/wp-json\/wp\/v2\/posts\/3043","targetHints":{"allow":["GET"]}}],"collection":[{"href":"https:\/\/agora.xtec.cat\/instarragona\/wp-json\/wp\/v2\/posts"}],"about":[{"href":"https:\/\/agora.xtec.cat\/instarragona\/wp-json\/wp\/v2\/types\/post"}],"author":[{"embeddable":true,"href":"https:\/\/agora.xtec.cat\/instarragona\/wp-json\/wp\/v2\/users\/1"}],"replies":[{"embeddable":true,"href":"https:\/\/agora.xtec.cat\/instarragona\/wp-json\/wp\/v2\/comments?post=3043"}],"version-history":[{"count":2,"href":"https:\/\/agora.xtec.cat\/instarragona\/wp-json\/wp\/v2\/posts\/3043\/revisions"}],"predecessor-version":[{"id":3049,"href":"https:\/\/agora.xtec.cat\/instarragona\/wp-json\/wp\/v2\/posts\/3043\/revisions\/3049"}],"wp:featuredmedia":[{"embeddable":true,"href":"https:\/\/agora.xtec.cat\/instarragona\/wp-json\/wp\/v2\/media\/3044"}],"wp:attachment":[{"href":"https:\/\/agora.xtec.cat\/instarragona\/wp-json\/wp\/v2\/media?parent=3043"}],"wp:term":[{"taxonomy":"category","embeddable":true,"href":"https:\/\/agora.xtec.cat\/instarragona\/wp-json\/wp\/v2\/categories?post=3043"},{"taxonomy":"post_tag","embeddable":true,"href":"https:\/\/agora.xtec.cat\/instarragona\/wp-json\/wp\/v2\/tags?post=3043"}],"curies":[{"name":"wp","href":"https:\/\/api.w.org\/{rel}","templated":true}]}}