{"id":2983,"date":"2022-02-14T10:28:23","date_gmt":"2022-02-14T09:28:23","guid":{"rendered":"https:\/\/agora.xtec.cat\/instarragona\/?p=2983"},"modified":"2022-02-24T10:47:28","modified_gmt":"2022-02-24T09:47:28","slug":"visita-a-la-depuradora","status":"publish","type":"post","link":"https:\/\/agora.xtec.cat\/instarragona\/portada\/visita-a-la-depuradora\/","title":{"rendered":"Visita a la depuradora"},"content":{"rendered":"<p>Arrenquem el cicle de visites a la depuradora de Tarragona amb l&#8217;alumnat de 2n d&#8217;ESO. Aquesta sortida sempre \u00e9s un \u00e8xit en l&#8217;\u00e0mbit t\u00e8cnic i educatiu.<\/p>\n<p>On van a parar les nostres aig\u00fces residuals? Sabeu que les tovalloletes i ara tamb\u00e9 les mascaretes s\u00f3n un gran problema per la seva depuraci\u00f3?<\/p>\n<p>M\u00e9s imatges <a href=\"https:\/\/drive.google.com\/drive\/folders\/1MNyWbMh13k14td1r6SfjzZDuo3q-nR7I?usp=sharing\">aqu\u00ed<\/a> mateix.<\/p>\n<p><img loading=\"lazy\" decoding=\"async\" class=\"aligncenter size-full wp-image-2982\" src=\"https:\/\/agora.xtec.cat\/instarragona\/wp-content\/uploads\/usu484\/2022\/02\/Captura2.png\" alt=\"\" width=\"1033\" height=\"550\" srcset=\"https:\/\/agora.xtec.cat\/instarragona\/wp-content\/uploads\/usu484\/2022\/02\/Captura2.png 1033w, https:\/\/agora.xtec.cat\/instarragona\/wp-content\/uploads\/usu484\/2022\/02\/Captura2-300x160.png 300w, https:\/\/agora.xtec.cat\/instarragona\/wp-content\/uploads\/usu484\/2022\/02\/Captura2-1024x545.png 1024w, https:\/\/agora.xtec.cat\/instarragona\/wp-content\/uploads\/usu484\/2022\/02\/Captura2-768x409.png 768w\" sizes=\"auto, (max-width: 1033px) 100vw, 1033px\" \/><\/p>\n<p>&nbsp;<\/p>\n<p>&nbsp;<\/p>\n<p>&nbsp;<\/p>\n","protected":false},"excerpt":{"rendered":"<p>Arrenquem el cicle de visites a la depuradora de Tarragona amb l&#8217;alumnat de 2n d&#8217;ESO. Aquesta sortida sempre \u00e9s un \u00e8xit en l&#8217;\u00e0mbit t\u00e8cnic i educatiu.<br \/>\nOn van a parar les nostres aig\u00fces residuals? Sabeu que les tovalloletes i ara tamb\u00e9 les mascaretes s\u00f3n un gran&hellip;  <a href=\"https:\/\/agora.xtec.cat\/instarragona\/portada\/visita-a-la-depuradora\/\" title=\"Read Visita a la depuradora\">Llegeix m\u00e9s\u00bb<\/a><\/p>\n","protected":false},"author":1,"featured_media":2889,"comment_status":"open","ping_status":"closed","sticky":false,"template":"","format":"standard","meta":{"_bbp_topic_count":0,"_bbp_reply_count":0,"_bbp_total_topic_count":0,"_bbp_total_reply_count":0,"_bbp_voice_count":0,"_bbp_anonymous_reply_count":0,"_bbp_topic_count_hidden":0,"_bbp_reply_count_hidden":0,"_bbp_forum_subforum_count":0,"footnotes":""},"categories":[29],"tags":[116,39],"class_list":["post-2983","post","type-post","status-publish","format-standard","has-post-thumbnail","hentry","category-portada","tag-ciencies","tag-sortides"],"post_mailing_queue_ids":[],"_links":{"self":[{"href":"https:\/\/agora.xtec.cat\/instarragona\/wp-json\/wp\/v2\/posts\/2983","targetHints":{"allow":["GET"]}}],"collection":[{"href":"https:\/\/agora.xtec.cat\/instarragona\/wp-json\/wp\/v2\/posts"}],"about":[{"href":"https:\/\/agora.xtec.cat\/instarragona\/wp-json\/wp\/v2\/types\/post"}],"author":[{"embeddable":true,"href":"https:\/\/agora.xtec.cat\/instarragona\/wp-json\/wp\/v2\/users\/1"}],"replies":[{"embeddable":true,"href":"https:\/\/agora.xtec.cat\/instarragona\/wp-json\/wp\/v2\/comments?post=2983"}],"version-history":[{"count":3,"href":"https:\/\/agora.xtec.cat\/instarragona\/wp-json\/wp\/v2\/posts\/2983\/revisions"}],"predecessor-version":[{"id":3029,"href":"https:\/\/agora.xtec.cat\/instarragona\/wp-json\/wp\/v2\/posts\/2983\/revisions\/3029"}],"wp:featuredmedia":[{"embeddable":true,"href":"https:\/\/agora.xtec.cat\/instarragona\/wp-json\/wp\/v2\/media\/2889"}],"wp:attachment":[{"href":"https:\/\/agora.xtec.cat\/instarragona\/wp-json\/wp\/v2\/media?parent=2983"}],"wp:term":[{"taxonomy":"category","embeddable":true,"href":"https:\/\/agora.xtec.cat\/instarragona\/wp-json\/wp\/v2\/categories?post=2983"},{"taxonomy":"post_tag","embeddable":true,"href":"https:\/\/agora.xtec.cat\/instarragona\/wp-json\/wp\/v2\/tags?post=2983"}],"curies":[{"name":"wp","href":"https:\/\/api.w.org\/{rel}","templated":true}]}}