{"id":2964,"date":"2022-02-07T12:21:41","date_gmt":"2022-02-07T11:21:41","guid":{"rendered":"https:\/\/agora.xtec.cat\/instarragona\/?p=2964"},"modified":"2022-02-07T12:25:49","modified_gmt":"2022-02-07T11:25:49","slug":"lectura-dramatitzada-guaiteu-el-video","status":"publish","type":"post","link":"https:\/\/agora.xtec.cat\/instarragona\/eso\/eso-4\/lectura-dramatitzada-guaiteu-el-video\/","title":{"rendered":"Lectura dramatitzada. Guaiteu el v\u00eddeo!"},"content":{"rendered":"<p>Quedava l&#8217;edici\u00f3 final per\u00f2 ja ho tenim!<\/p>\n<p>L&#8217;alumnat de 4t d&#8217;ESO A va recuperar la tradicional lectura dramatitzada del Conte de Nadal de Charles Dickens. Despr\u00e9s de diversos assajos, de triar lectors i d&#8217;afegir alguns efectes sonors especials, la lectura va quedar&#8230; de pel\u00b7l\u00edcula!\u00a0 \ud83c\udfa4\ud83c\udfa5\ud83c\udf9e\ud83c\udfac<\/p>\n<p><iframe loading=\"lazy\" title=\"Lectura dramatitzada CONTE DE NADAL\" width=\"500\" height=\"281\" src=\"https:\/\/www.youtube.com\/embed\/2R-KqkuAHSc?feature=oembed\" frameborder=\"0\" allow=\"accelerometer; autoplay; clipboard-write; encrypted-media; gyroscope; picture-in-picture; web-share\" referrerpolicy=\"strict-origin-when-cross-origin\" allowfullscreen><\/iframe><\/p>\n<p>&nbsp;<\/p>\n<p>&nbsp;<\/p>\n<p>&nbsp;<\/p>\n<p>&nbsp;<\/p>\n","protected":false},"excerpt":{"rendered":"<p>Quedava l&#8217;edici\u00f3 final per\u00f2 ja ho tenim!<br \/>\nL&#8217;alumnat de 4t d&#8217;ESO A va recuperar la tradicional lectura dramatitzada del Conte de Nadal de Charles Dickens. Despr\u00e9s de diversos assajos, de triar lectors i d&#8217;afegir alguns efectes sonors especials, la lectura va quedar&#8230; de pel\u00b7l\u00edcula!\u00a0 \ud83c\udfa4\ud83c\udfa5\ud83c\udf9e\ud83c\udfac<\/p>\n<p>&nbsp;<br \/>\n&nbsp;<br \/>\n&nbsp;<br \/>\n&nbsp;<\/p>\n","protected":false},"author":1,"featured_media":2970,"comment_status":"open","ping_status":"closed","sticky":false,"template":"","format":"standard","meta":{"_bbp_topic_count":0,"_bbp_reply_count":0,"_bbp_total_topic_count":0,"_bbp_total_reply_count":0,"_bbp_voice_count":0,"_bbp_anonymous_reply_count":0,"_bbp_topic_count_hidden":0,"_bbp_reply_count_hidden":0,"_bbp_forum_subforum_count":0,"footnotes":""},"categories":[7,29],"tags":[119],"class_list":["post-2964","post","type-post","status-publish","format-standard","has-post-thumbnail","hentry","category-eso-4","category-portada","tag-catala"],"post_mailing_queue_ids":[],"_links":{"self":[{"href":"https:\/\/agora.xtec.cat\/instarragona\/wp-json\/wp\/v2\/posts\/2964","targetHints":{"allow":["GET"]}}],"collection":[{"href":"https:\/\/agora.xtec.cat\/instarragona\/wp-json\/wp\/v2\/posts"}],"about":[{"href":"https:\/\/agora.xtec.cat\/instarragona\/wp-json\/wp\/v2\/types\/post"}],"author":[{"embeddable":true,"href":"https:\/\/agora.xtec.cat\/instarragona\/wp-json\/wp\/v2\/users\/1"}],"replies":[{"embeddable":true,"href":"https:\/\/agora.xtec.cat\/instarragona\/wp-json\/wp\/v2\/comments?post=2964"}],"version-history":[{"count":3,"href":"https:\/\/agora.xtec.cat\/instarragona\/wp-json\/wp\/v2\/posts\/2964\/revisions"}],"predecessor-version":[{"id":2976,"href":"https:\/\/agora.xtec.cat\/instarragona\/wp-json\/wp\/v2\/posts\/2964\/revisions\/2976"}],"wp:featuredmedia":[{"embeddable":true,"href":"https:\/\/agora.xtec.cat\/instarragona\/wp-json\/wp\/v2\/media\/2970"}],"wp:attachment":[{"href":"https:\/\/agora.xtec.cat\/instarragona\/wp-json\/wp\/v2\/media?parent=2964"}],"wp:term":[{"taxonomy":"category","embeddable":true,"href":"https:\/\/agora.xtec.cat\/instarragona\/wp-json\/wp\/v2\/categories?post=2964"},{"taxonomy":"post_tag","embeddable":true,"href":"https:\/\/agora.xtec.cat\/instarragona\/wp-json\/wp\/v2\/tags?post=2964"}],"curies":[{"name":"wp","href":"https:\/\/api.w.org\/{rel}","templated":true}]}}