{"id":2958,"date":"2022-02-04T12:16:30","date_gmt":"2022-02-04T11:16:30","guid":{"rendered":"https:\/\/agora.xtec.cat\/instarragona\/?p=2958"},"modified":"2022-02-04T12:26:01","modified_gmt":"2022-02-04T11:26:01","slug":"tres-alumnes-marxen-a-dusselford","status":"publish","type":"post","link":"https:\/\/agora.xtec.cat\/instarragona\/batxillerat\/tres-alumnes-marxen-a-dusselford\/","title":{"rendered":"Tres alumnes marxen a D\u00fcsselford"},"content":{"rendered":"<p>La Maria G\u00f3mez, la Irene L\u00f3pez i en Marc Belmonte, alumnes de Batxillerat, han tingut la sort de ser seleccionats per anar a D\u00fcsselford a estudiar durant un mes a un institut alemany. L&#8217;experi\u00e8ncia s&#8217;acull dins dels programes Erasmus de llarga durada. Els tres conviuran en diferents fam\u00edlies, amb les qui compartiran el dia a dia de l&#8217;estada.<\/p>\n<p>A m\u00e9s a m\u00e9s, cap a la primavera ser\u00e0 el nostre torn, ja que rebrem tres alumnes alemanys a Tarragona.<\/p>\n<p>De ben segur l&#8217;oportunitat \u00e9s \u00fanica i esperem que la puguin aprofitar i gaudir al m\u00e0xim.<\/p>\n<p>Ens trobareu a <a href=\"https:\/\/www.instagram.com\/erasmusinstarragona\/?utm_medium=copy_link\"><strong>l&#8217;instagram<\/strong><\/a>, @<span class=\"\">erasmusinstarragona.<\/span><\/p>\n<p>Us esperem a la tornada, nois! Ja ens explicareu.<\/p>\n<p><img loading=\"lazy\" decoding=\"async\" class=\"aligncenter size-full wp-image-2959\" src=\"https:\/\/agora.xtec.cat\/instarragona\/wp-content\/uploads\/usu484\/2022\/02\/IMG-20220131-WA0002.jpg\" alt=\"\" width=\"2048\" height=\"921\" srcset=\"https:\/\/agora.xtec.cat\/instarragona\/wp-content\/uploads\/usu484\/2022\/02\/IMG-20220131-WA0002.jpg 2048w, https:\/\/agora.xtec.cat\/instarragona\/wp-content\/uploads\/usu484\/2022\/02\/IMG-20220131-WA0002-300x135.jpg 300w, https:\/\/agora.xtec.cat\/instarragona\/wp-content\/uploads\/usu484\/2022\/02\/IMG-20220131-WA0002-1024x461.jpg 1024w, https:\/\/agora.xtec.cat\/instarragona\/wp-content\/uploads\/usu484\/2022\/02\/IMG-20220131-WA0002-768x345.jpg 768w, https:\/\/agora.xtec.cat\/instarragona\/wp-content\/uploads\/usu484\/2022\/02\/IMG-20220131-WA0002-1536x691.jpg 1536w\" sizes=\"auto, (max-width: 2048px) 100vw, 2048px\" \/><\/p>\n<p>&nbsp;<\/p>\n<p><img loading=\"lazy\" decoding=\"async\" class=\"aligncenter size-full wp-image-1596\" src=\"https:\/\/agora.xtec.cat\/instarragona\/wp-content\/uploads\/usu484\/2019\/02\/baixa.png\" alt=\"\" width=\"456\" height=\"110\" srcset=\"https:\/\/agora.xtec.cat\/instarragona\/wp-content\/uploads\/usu484\/2019\/02\/baixa.png 456w, https:\/\/agora.xtec.cat\/instarragona\/wp-content\/uploads\/usu484\/2019\/02\/baixa-300x72.png 300w\" sizes=\"auto, (max-width: 456px) 100vw, 456px\" \/><\/p>\n<p>&nbsp;<\/p>\n<p><img loading=\"lazy\" decoding=\"async\" class=\"aligncenter size-full wp-image-2654\" src=\"https:\/\/agora.xtec.cat\/instarragona\/wp-content\/uploads\/usu484\/2021\/10\/carrusel_acreditaciones_texto-300x100-1.jpg\" alt=\"\" width=\"300\" height=\"100\" \/><\/p>\n","protected":false},"excerpt":{"rendered":"<p>La Maria G\u00f3mez, la Irene L\u00f3pez i en Marc Belmonte, alumnes de Batxillerat, han tingut la sort de ser seleccionats per anar a D\u00fcsselford a estudiar durant un mes a un institut alemany. L&#8217;experi\u00e8ncia s&#8217;acull dins dels programes Erasmus de llarga durada. Els tres conviuran&hellip;  <a href=\"https:\/\/agora.xtec.cat\/instarragona\/batxillerat\/tres-alumnes-marxen-a-dusselford\/\" title=\"Read Tres alumnes marxen a D\u00fcsselford\">Llegeix m\u00e9s\u00bb<\/a><\/p>\n","protected":false},"author":1,"featured_media":2959,"comment_status":"open","ping_status":"closed","sticky":false,"template":"","format":"standard","meta":{"_bbp_topic_count":0,"_bbp_reply_count":0,"_bbp_total_topic_count":0,"_bbp_total_reply_count":0,"_bbp_voice_count":0,"_bbp_anonymous_reply_count":0,"_bbp_topic_count_hidden":0,"_bbp_reply_count_hidden":0,"_bbp_forum_subforum_count":0,"footnotes":""},"categories":[8,29],"tags":[101,99],"class_list":["post-2958","post","type-post","status-publish","format-standard","has-post-thumbnail","hentry","category-batxillerat","category-portada","tag-erasmus","tag-projectes"],"post_mailing_queue_ids":[],"_links":{"self":[{"href":"https:\/\/agora.xtec.cat\/instarragona\/wp-json\/wp\/v2\/posts\/2958","targetHints":{"allow":["GET"]}}],"collection":[{"href":"https:\/\/agora.xtec.cat\/instarragona\/wp-json\/wp\/v2\/posts"}],"about":[{"href":"https:\/\/agora.xtec.cat\/instarragona\/wp-json\/wp\/v2\/types\/post"}],"author":[{"embeddable":true,"href":"https:\/\/agora.xtec.cat\/instarragona\/wp-json\/wp\/v2\/users\/1"}],"replies":[{"embeddable":true,"href":"https:\/\/agora.xtec.cat\/instarragona\/wp-json\/wp\/v2\/comments?post=2958"}],"version-history":[{"count":3,"href":"https:\/\/agora.xtec.cat\/instarragona\/wp-json\/wp\/v2\/posts\/2958\/revisions"}],"predecessor-version":[{"id":2963,"href":"https:\/\/agora.xtec.cat\/instarragona\/wp-json\/wp\/v2\/posts\/2958\/revisions\/2963"}],"wp:featuredmedia":[{"embeddable":true,"href":"https:\/\/agora.xtec.cat\/instarragona\/wp-json\/wp\/v2\/media\/2959"}],"wp:attachment":[{"href":"https:\/\/agora.xtec.cat\/instarragona\/wp-json\/wp\/v2\/media?parent=2958"}],"wp:term":[{"taxonomy":"category","embeddable":true,"href":"https:\/\/agora.xtec.cat\/instarragona\/wp-json\/wp\/v2\/categories?post=2958"},{"taxonomy":"post_tag","embeddable":true,"href":"https:\/\/agora.xtec.cat\/instarragona\/wp-json\/wp\/v2\/tags?post=2958"}],"curies":[{"name":"wp","href":"https:\/\/api.w.org\/{rel}","templated":true}]}}