{"id":2951,"date":"2022-02-04T08:53:28","date_gmt":"2022-02-04T07:53:28","guid":{"rendered":"https:\/\/agora.xtec.cat\/instarragona\/?p=2951"},"modified":"2022-02-04T08:55:53","modified_gmt":"2022-02-04T07:55:53","slug":"taula-rodona-biblioteques-puntedu","status":"publish","type":"post","link":"https:\/\/agora.xtec.cat\/instarragona\/portada\/taula-rodona-biblioteques-puntedu\/","title":{"rendered":"Taula rodona Biblioteques PuntEdu"},"content":{"rendered":"<p>Dimecres dia 2 de febrer la nostra biblioteca va participar en una taula rodona que formava part de la formaci\u00f3 en biblioteques escolars (BE) del Programa puntedu del Departament d&#8217;Educaci\u00f3. El v\u00eddeo que s&#8217;hi va presentar, filmat i editat per Helena L\u00f3pez i Andrea Palos de 4t d&#8217;ESO i que aviat es far\u00e0 p\u00fablic, va suscitar moltes intervencions entre la setantena de coordinadors de BE dels centres educatius de Catalunya que estan fent aquesta formaci\u00f3. Ens estimem tant, la nostra biblioteca! Recordeu, a les xarxes: <a href=\"http:\/\/ja.cat\/biblioinstgn\" target=\"_blank\" rel=\"noopener\" data-saferedirecturl=\"https:\/\/www.google.com\/url?q=http:\/\/ja.cat\/biblioinstgn&amp;source=gmail&amp;ust=1644045338779000&amp;usg=AOvVaw0NJkdOGvcXS4NTw3fiGK4T\">ja.cat\/biblioinstgn<\/a>, i\u00a0@biblioinstgn a\u00a0<a href=\"https:\/\/www.instagram.com\/biblioinstgn\/\" target=\"_blank\" rel=\"noopener\" data-saferedirecturl=\"https:\/\/www.google.com\/url?q=https:\/\/www.instagram.com\/biblioinstgn\/&amp;source=gmail&amp;ust=1644045338779000&amp;usg=AOvVaw0jWdXWxdXeqDYJUqwHkmy2\">Instagram\u00a0<\/a>i a\u00a0<a href=\"https:\/\/twitter.com\/BiblioInsTgn\" target=\"_blank\" rel=\"noopener\" data-saferedirecturl=\"https:\/\/www.google.com\/url?q=https:\/\/twitter.com\/BiblioInsTgn&amp;source=gmail&amp;ust=1644045338779000&amp;usg=AOvVaw2g0J1c_l34YIi1kJoR29UP\">Twitter<\/a>.<\/p>\n<p><img loading=\"lazy\" decoding=\"async\" class=\"aligncenter size-full wp-image-2952\" src=\"https:\/\/agora.xtec.cat\/instarragona\/wp-content\/uploads\/usu484\/2022\/02\/Captura5.jpg\" alt=\"\" width=\"333\" height=\"381\" srcset=\"https:\/\/agora.xtec.cat\/instarragona\/wp-content\/uploads\/usu484\/2022\/02\/Captura5.jpg 333w, https:\/\/agora.xtec.cat\/instarragona\/wp-content\/uploads\/usu484\/2022\/02\/Captura5-262x300.jpg 262w\" sizes=\"auto, (max-width: 333px) 100vw, 333px\" \/><\/p>\n<p>&nbsp;<\/p>\n<p><img loading=\"lazy\" decoding=\"async\" class=\"aligncenter size-full wp-image-2954\" src=\"https:\/\/agora.xtec.cat\/instarragona\/wp-content\/uploads\/usu484\/2022\/02\/Captura3.jpg\" alt=\"\" width=\"332\" height=\"362\" srcset=\"https:\/\/agora.xtec.cat\/instarragona\/wp-content\/uploads\/usu484\/2022\/02\/Captura3.jpg 332w, https:\/\/agora.xtec.cat\/instarragona\/wp-content\/uploads\/usu484\/2022\/02\/Captura3-275x300.jpg 275w\" sizes=\"auto, (max-width: 332px) 100vw, 332px\" \/><\/p>\n<p>&nbsp;<\/p>\n<p><img loading=\"lazy\" decoding=\"async\" class=\"aligncenter size-full wp-image-2955\" src=\"https:\/\/agora.xtec.cat\/instarragona\/wp-content\/uploads\/usu484\/2022\/02\/Captura.jpg\" alt=\"\" width=\"325\" height=\"323\" srcset=\"https:\/\/agora.xtec.cat\/instarragona\/wp-content\/uploads\/usu484\/2022\/02\/Captura.jpg 325w, https:\/\/agora.xtec.cat\/instarragona\/wp-content\/uploads\/usu484\/2022\/02\/Captura-300x298.jpg 300w, https:\/\/agora.xtec.cat\/instarragona\/wp-content\/uploads\/usu484\/2022\/02\/Captura-150x150.jpg 150w\" sizes=\"auto, (max-width: 325px) 100vw, 325px\" \/><\/p>\n<p>&nbsp;<\/p>\n","protected":false},"excerpt":{"rendered":"<p>Dimecres dia 2 de febrer la nostra biblioteca va participar en una taula rodona que formava part de la formaci\u00f3 en biblioteques escolars (BE) del Programa puntedu del Departament d&#8217;Educaci\u00f3. El v\u00eddeo que s&#8217;hi va presentar, filmat i editat per Helena L\u00f3pez i Andrea Palos&hellip;  <a href=\"https:\/\/agora.xtec.cat\/instarragona\/portada\/taula-rodona-biblioteques-puntedu\/\" title=\"Read Taula rodona Biblioteques PuntEdu\">Llegeix m\u00e9s\u00bb<\/a><\/p>\n","protected":false},"author":1,"featured_media":2953,"comment_status":"open","ping_status":"closed","sticky":false,"template":"","format":"standard","meta":{"_bbp_topic_count":0,"_bbp_reply_count":0,"_bbp_total_topic_count":0,"_bbp_total_reply_count":0,"_bbp_voice_count":0,"_bbp_anonymous_reply_count":0,"_bbp_topic_count_hidden":0,"_bbp_reply_count_hidden":0,"_bbp_forum_subforum_count":0,"footnotes":""},"categories":[29],"tags":[107],"class_list":["post-2951","post","type-post","status-publish","format-standard","has-post-thumbnail","hentry","category-portada","tag-biblioteca"],"post_mailing_queue_ids":[],"_links":{"self":[{"href":"https:\/\/agora.xtec.cat\/instarragona\/wp-json\/wp\/v2\/posts\/2951","targetHints":{"allow":["GET"]}}],"collection":[{"href":"https:\/\/agora.xtec.cat\/instarragona\/wp-json\/wp\/v2\/posts"}],"about":[{"href":"https:\/\/agora.xtec.cat\/instarragona\/wp-json\/wp\/v2\/types\/post"}],"author":[{"embeddable":true,"href":"https:\/\/agora.xtec.cat\/instarragona\/wp-json\/wp\/v2\/users\/1"}],"replies":[{"embeddable":true,"href":"https:\/\/agora.xtec.cat\/instarragona\/wp-json\/wp\/v2\/comments?post=2951"}],"version-history":[{"count":2,"href":"https:\/\/agora.xtec.cat\/instarragona\/wp-json\/wp\/v2\/posts\/2951\/revisions"}],"predecessor-version":[{"id":2957,"href":"https:\/\/agora.xtec.cat\/instarragona\/wp-json\/wp\/v2\/posts\/2951\/revisions\/2957"}],"wp:featuredmedia":[{"embeddable":true,"href":"https:\/\/agora.xtec.cat\/instarragona\/wp-json\/wp\/v2\/media\/2953"}],"wp:attachment":[{"href":"https:\/\/agora.xtec.cat\/instarragona\/wp-json\/wp\/v2\/media?parent=2951"}],"wp:term":[{"taxonomy":"category","embeddable":true,"href":"https:\/\/agora.xtec.cat\/instarragona\/wp-json\/wp\/v2\/categories?post=2951"},{"taxonomy":"post_tag","embeddable":true,"href":"https:\/\/agora.xtec.cat\/instarragona\/wp-json\/wp\/v2\/tags?post=2951"}],"curies":[{"name":"wp","href":"https:\/\/api.w.org\/{rel}","templated":true}]}}