{"id":2947,"date":"2022-02-04T08:31:02","date_gmt":"2022-02-04T07:31:02","guid":{"rendered":"https:\/\/agora.xtec.cat\/instarragona\/?p=2947"},"modified":"2022-02-04T08:31:02","modified_gmt":"2022-02-04T07:31:02","slug":"comerc-internacional-i-globalitzacio","status":"publish","type":"post","link":"https:\/\/agora.xtec.cat\/instarragona\/batxillerat\/comerc-internacional-i-globalitzacio\/","title":{"rendered":"Comer\u00e7 Internacional i Globalitzaci\u00f3"},"content":{"rendered":"<p>Els alumnes d&#8217;Economia i Empresa de 1r de Batxillerat han assistit a la xerrada organitzada per la URV sobre <span style=\"color: #339966;\"><strong>&#8220;Comer\u00e7 Internacional i Globalitzaci\u00f3&#8221;<\/strong><\/span><\/p>\n<p>Una de les conseq\u00fc\u00e8ncies del proc\u00e9s de globalitzaci\u00f3 \u00e9s manifesta en la cadena de valor dels productes que es comercialitzen. Qu\u00e8 determina tots aquests processos? Quins s\u00f3n els motius que porten les empreses a dispersar la producci\u00f3 arreu del m\u00f3n? Qu\u00e8 passar\u00e0 en el futur?<\/p>\n<p><img loading=\"lazy\" decoding=\"async\" class=\"aligncenter size-full wp-image-2948\" src=\"https:\/\/agora.xtec.cat\/instarragona\/wp-content\/uploads\/usu484\/2022\/02\/Captura2.jpg\" alt=\"\" width=\"644\" height=\"474\" srcset=\"https:\/\/agora.xtec.cat\/instarragona\/wp-content\/uploads\/usu484\/2022\/02\/Captura2.jpg 644w, https:\/\/agora.xtec.cat\/instarragona\/wp-content\/uploads\/usu484\/2022\/02\/Captura2-300x221.jpg 300w\" sizes=\"auto, (max-width: 644px) 100vw, 644px\" \/><\/p>\n","protected":false},"excerpt":{"rendered":"<p>Els alumnes d&#8217;Economia i Empresa de 1r de Batxillerat han assistit a la xerrada organitzada per la URV sobre &#8220;Comer\u00e7 Internacional i Globalitzaci\u00f3&#8221;<br \/>\nUna de les conseq\u00fc\u00e8ncies del proc\u00e9s de globalitzaci\u00f3 \u00e9s manifesta en la cadena de valor dels productes que es comercialitzen. Qu\u00e8 determina tots&hellip;  <a href=\"https:\/\/agora.xtec.cat\/instarragona\/batxillerat\/comerc-internacional-i-globalitzacio\/\" title=\"Read Comer\u00e7 Internacional i Globalitzaci\u00f3\">Llegeix m\u00e9s\u00bb<\/a><\/p>\n","protected":false},"author":1,"featured_media":2949,"comment_status":"open","ping_status":"closed","sticky":false,"template":"","format":"standard","meta":{"_bbp_topic_count":0,"_bbp_reply_count":0,"_bbp_total_topic_count":0,"_bbp_total_reply_count":0,"_bbp_voice_count":0,"_bbp_anonymous_reply_count":0,"_bbp_topic_count_hidden":0,"_bbp_reply_count_hidden":0,"_bbp_forum_subforum_count":0,"footnotes":""},"categories":[8,29],"tags":[123],"class_list":["post-2947","post","type-post","status-publish","format-standard","has-post-thumbnail","hentry","category-batxillerat","category-portada","tag-economia"],"post_mailing_queue_ids":[],"_links":{"self":[{"href":"https:\/\/agora.xtec.cat\/instarragona\/wp-json\/wp\/v2\/posts\/2947","targetHints":{"allow":["GET"]}}],"collection":[{"href":"https:\/\/agora.xtec.cat\/instarragona\/wp-json\/wp\/v2\/posts"}],"about":[{"href":"https:\/\/agora.xtec.cat\/instarragona\/wp-json\/wp\/v2\/types\/post"}],"author":[{"embeddable":true,"href":"https:\/\/agora.xtec.cat\/instarragona\/wp-json\/wp\/v2\/users\/1"}],"replies":[{"embeddable":true,"href":"https:\/\/agora.xtec.cat\/instarragona\/wp-json\/wp\/v2\/comments?post=2947"}],"version-history":[{"count":1,"href":"https:\/\/agora.xtec.cat\/instarragona\/wp-json\/wp\/v2\/posts\/2947\/revisions"}],"predecessor-version":[{"id":2950,"href":"https:\/\/agora.xtec.cat\/instarragona\/wp-json\/wp\/v2\/posts\/2947\/revisions\/2950"}],"wp:featuredmedia":[{"embeddable":true,"href":"https:\/\/agora.xtec.cat\/instarragona\/wp-json\/wp\/v2\/media\/2949"}],"wp:attachment":[{"href":"https:\/\/agora.xtec.cat\/instarragona\/wp-json\/wp\/v2\/media?parent=2947"}],"wp:term":[{"taxonomy":"category","embeddable":true,"href":"https:\/\/agora.xtec.cat\/instarragona\/wp-json\/wp\/v2\/categories?post=2947"},{"taxonomy":"post_tag","embeddable":true,"href":"https:\/\/agora.xtec.cat\/instarragona\/wp-json\/wp\/v2\/tags?post=2947"}],"curies":[{"name":"wp","href":"https:\/\/api.w.org\/{rel}","templated":true}]}}