{"id":2933,"date":"2022-01-28T08:43:53","date_gmt":"2022-01-28T07:43:53","guid":{"rendered":"https:\/\/agora.xtec.cat\/instarragona\/?p=2933"},"modified":"2022-01-28T08:46:04","modified_gmt":"2022-01-28T07:46:04","slug":"memoria-per-les-victimes-de-lholocaust","status":"publish","type":"post","link":"https:\/\/agora.xtec.cat\/instarragona\/eso\/eso-3\/memoria-per-les-victimes-de-lholocaust\/","title":{"rendered":"Mem\u00f2ria per les v\u00edctimes de l&#8217;holocaust"},"content":{"rendered":"<p>En el dia internacional en Mem\u00f2ria per les V\u00edctimes de l&#8217;Holocaust, 27 de gener, en el vest\u00edbul del centre hi regna un absolut respecte.<\/p>\n<p>Des del centre ens hem afegit a la <a href=\"http:\/\/xtec.gencat.cat\/ca\/centres\/celebracions\/2022\/dia-internacional-en-memoria-de-les-victimes-de-lholocaust\/que-es-commemora\/\" target=\"_blank\" rel=\"noopener\">proposta<\/a> organitzada per <a href=\"https:\/\/projectes.xtec.cat\/memoriaieducacio\/general\/27-de-gener-de-2022-dia-internacional-en-memoria-de-les-victimes-de-lholocaust\/\" target=\"_blank\" rel=\"noopener\">Educaci\u00f3 i mem\u00f2ria<\/a>, del departament d&#8217;educaci\u00f3. L&#8217;alumnat de 3r d&#8217;ESO i concretament des de la mat\u00e8ria de Cultura i valors \u00e8tics hi han treballat ben fort.<\/p>\n<p><a href=\"https:\/\/www.diaridetarragona.com\/sociedad\/Hemos-progresado-pero-la-intolerancia-que-provoco-el-Holocausto-sigue-viva-20220127-0056.html\" target=\"_blank\" rel=\"noopener\">Aqu\u00ed<\/a> trobareu la not\u00edcia publicada al Diari de Tarragona.<\/p>\n<p><a href=\"https:\/\/www.diaridetarragona.com\/sociedad\/Hemos-progresado-pero-la-intolerancia-que-provoco-el-Holocausto-sigue-viva-20220127-0056.html\" target=\"_blank\" rel=\"noopener\"><img loading=\"lazy\" decoding=\"async\" class=\"alignnone wp-image-2934 size-full\" src=\"https:\/\/agora.xtec.cat\/instarragona\/wp-content\/uploads\/usu484\/2022\/01\/Captura-3.jpg\" alt=\"\" width=\"710\" height=\"852\" srcset=\"https:\/\/agora.xtec.cat\/instarragona\/wp-content\/uploads\/usu484\/2022\/01\/Captura-3.jpg 710w, https:\/\/agora.xtec.cat\/instarragona\/wp-content\/uploads\/usu484\/2022\/01\/Captura-3-250x300.jpg 250w\" sizes=\"auto, (max-width: 710px) 100vw, 710px\" \/><\/a><\/p>\n<p>M\u00e9s <a href=\"https:\/\/drive.google.com\/drive\/folders\/1LTZX3QJEOQRHPxHX2LwAUCzwgufZATLl?usp=sharing\" target=\"_blank\" rel=\"noopener\">imatges<\/a>.<\/p>\n<p>&nbsp;<\/p>\n<p><img loading=\"lazy\" decoding=\"async\" class=\"wp-image-2937 alignleft\" src=\"https:\/\/agora.xtec.cat\/instarragona\/wp-content\/uploads\/usu484\/2022\/01\/Captura-5.jpg\" alt=\"\" width=\"382\" height=\"505\" srcset=\"https:\/\/agora.xtec.cat\/instarragona\/wp-content\/uploads\/usu484\/2022\/01\/Captura-5.jpg 585w, https:\/\/agora.xtec.cat\/instarragona\/wp-content\/uploads\/usu484\/2022\/01\/Captura-5-227x300.jpg 227w\" sizes=\"auto, (max-width: 382px) 100vw, 382px\" \/><\/p>\n<p><img loading=\"lazy\" decoding=\"async\" class=\"aligncenter wp-image-2936\" src=\"https:\/\/agora.xtec.cat\/instarragona\/wp-content\/uploads\/usu484\/2022\/01\/portada_ramona-adeu_montserrat-roig_201703211827-1.jpg\" alt=\"\" width=\"514\" height=\"384\" srcset=\"https:\/\/agora.xtec.cat\/instarragona\/wp-content\/uploads\/usu484\/2022\/01\/portada_ramona-adeu_montserrat-roig_201703211827-1.jpg 1024w, https:\/\/agora.xtec.cat\/instarragona\/wp-content\/uploads\/usu484\/2022\/01\/portada_ramona-adeu_montserrat-roig_201703211827-1-300x224.jpg 300w, https:\/\/agora.xtec.cat\/instarragona\/wp-content\/uploads\/usu484\/2022\/01\/portada_ramona-adeu_montserrat-roig_201703211827-1-768x574.jpg 768w, https:\/\/agora.xtec.cat\/instarragona\/wp-content\/uploads\/usu484\/2022\/01\/portada_ramona-adeu_montserrat-roig_201703211827-1-200x150.jpg 200w\" sizes=\"auto, (max-width: 514px) 100vw, 514px\" \/><\/p>\n","protected":false},"excerpt":{"rendered":"<p>En el dia internacional en Mem\u00f2ria per les V\u00edctimes de l&#8217;Holocaust, 27 de gener, en el vest\u00edbul del centre hi regna un absolut respecte.<br \/>\nDes del centre ens hem afegit a la <a href=\"http:\/\/xtec.gencat.cat\/ca\/centres\/celebracions\/2022\/dia-internacional-en-memoria-de-les-victimes-de-lholocaust\/que-es-commemora\/\" target=\"_blank\" rel=\"noopener\">proposta<\/a> organitzada per <a href=\"https:\/\/projectes.xtec.cat\/memoriaieducacio\/general\/27-de-gener-de-2022-dia-internacional-en-memoria-de-les-victimes-de-lholocaust\/\" target=\"_blank\" rel=\"noopener\">Educaci\u00f3 i mem\u00f2ria<\/a>, del departament&hellip;  <a href=\"https:\/\/agora.xtec.cat\/instarragona\/eso\/eso-3\/memoria-per-les-victimes-de-lholocaust\/\" title=\"Read Mem\u00f2ria per les v\u00edctimes de l&#8217;holocaust\">Llegeix m\u00e9s\u00bb<\/a><\/p>\n","protected":false},"author":1,"featured_media":2935,"comment_status":"open","ping_status":"closed","sticky":false,"template":"","format":"standard","meta":{"_bbp_topic_count":0,"_bbp_reply_count":0,"_bbp_total_topic_count":0,"_bbp_total_reply_count":0,"_bbp_voice_count":0,"_bbp_anonymous_reply_count":0,"_bbp_topic_count_hidden":0,"_bbp_reply_count_hidden":0,"_bbp_forum_subforum_count":0,"footnotes":""},"categories":[6,29],"tags":[120],"class_list":["post-2933","post","type-post","status-publish","format-standard","has-post-thumbnail","hentry","category-eso-3","category-portada","tag-socials"],"post_mailing_queue_ids":[],"_links":{"self":[{"href":"https:\/\/agora.xtec.cat\/instarragona\/wp-json\/wp\/v2\/posts\/2933","targetHints":{"allow":["GET"]}}],"collection":[{"href":"https:\/\/agora.xtec.cat\/instarragona\/wp-json\/wp\/v2\/posts"}],"about":[{"href":"https:\/\/agora.xtec.cat\/instarragona\/wp-json\/wp\/v2\/types\/post"}],"author":[{"embeddable":true,"href":"https:\/\/agora.xtec.cat\/instarragona\/wp-json\/wp\/v2\/users\/1"}],"replies":[{"embeddable":true,"href":"https:\/\/agora.xtec.cat\/instarragona\/wp-json\/wp\/v2\/comments?post=2933"}],"version-history":[{"count":3,"href":"https:\/\/agora.xtec.cat\/instarragona\/wp-json\/wp\/v2\/posts\/2933\/revisions"}],"predecessor-version":[{"id":2940,"href":"https:\/\/agora.xtec.cat\/instarragona\/wp-json\/wp\/v2\/posts\/2933\/revisions\/2940"}],"wp:featuredmedia":[{"embeddable":true,"href":"https:\/\/agora.xtec.cat\/instarragona\/wp-json\/wp\/v2\/media\/2935"}],"wp:attachment":[{"href":"https:\/\/agora.xtec.cat\/instarragona\/wp-json\/wp\/v2\/media?parent=2933"}],"wp:term":[{"taxonomy":"category","embeddable":true,"href":"https:\/\/agora.xtec.cat\/instarragona\/wp-json\/wp\/v2\/categories?post=2933"},{"taxonomy":"post_tag","embeddable":true,"href":"https:\/\/agora.xtec.cat\/instarragona\/wp-json\/wp\/v2\/tags?post=2933"}],"curies":[{"name":"wp","href":"https:\/\/api.w.org\/{rel}","templated":true}]}}