{"id":2928,"date":"2022-01-28T08:20:03","date_gmt":"2022-01-28T07:20:03","guid":{"rendered":"https:\/\/agora.xtec.cat\/instarragona\/?p=2928"},"modified":"2022-01-28T08:23:31","modified_gmt":"2022-01-28T07:23:31","slug":"ramona-adeu","status":"publish","type":"post","link":"https:\/\/agora.xtec.cat\/instarragona\/portada\/ramona-adeu\/","title":{"rendered":"Ramona, adeu"},"content":{"rendered":"<p class=\"gmail_default\">El primer llibre del club de lectura del professorat de l&#8217;Institut ha estat\u00a0<i><a href=\"https:\/\/www.grup62.cat\/llibre-ramona-adeu\/95347\" target=\"_blank\" rel=\"noopener\" data-saferedirecturl=\"https:\/\/www.google.com\/url?q=https:\/\/www.grup62.cat\/llibre-ramona-adeu\/95347&amp;source=gmail&amp;ust=1643440591809000&amp;usg=AOvVaw28VLon0TqtiNM-hHSSi12G\">Ramona, adeu<\/a><\/i>\u00a0de\u00a0<a href=\"https:\/\/www.ccma.cat\/tv3\/alacarta\/identitats\/montserrat-roig\/video\/2874310\/\" target=\"_blank\" rel=\"noopener\" data-saferedirecturl=\"https:\/\/www.google.com\/url?q=https:\/\/www.ccma.cat\/tv3\/alacarta\/identitats\/montserrat-roig\/video\/2874310\/&amp;source=gmail&amp;ust=1643440591809000&amp;usg=AOvVaw2P1pocFczZcm6miudjGIAI\">Montserrat Roig<\/a>. La tert\u00falia ha estat amena, divertida i discutida, com sempre, i, sobretot, molt enriquidora perqu\u00e8 veiem la mateixa hist\u00f2ria interpretada des de diversos punts de vista.\u00a0<i>Ramona, adeu<\/i>\u00a0\u00e9s un retrat, per una banda, de Barcelona en tres moments hist\u00f2rics molt potents, la guerra espanyola al Nord d&#8217;\u00c0frica, la proclamaci\u00f3 de la II Rep\u00fablica i l&#8217;esclat de la Guerra Civil, aix\u00ed com la Caputxinada i les revoltes estudiantils de comen\u00e7ament dels anys 70. I, per una altra, de tres generacions de dones (l&#8217;\u00e0via, la mare i la filla) en aquests diferents contextos hist\u00f2rics. Molt a parlar!<\/p>\n<div><img loading=\"lazy\" decoding=\"async\" class=\"aligncenter size-full wp-image-2930\" src=\"https:\/\/agora.xtec.cat\/instarragona\/wp-content\/uploads\/usu484\/2022\/01\/portada_ramona-adeu_montserrat-roig_201703211827.jpg\" alt=\"\" width=\"250\" height=\"382\" srcset=\"https:\/\/agora.xtec.cat\/instarragona\/wp-content\/uploads\/usu484\/2022\/01\/portada_ramona-adeu_montserrat-roig_201703211827.jpg 250w, https:\/\/agora.xtec.cat\/instarragona\/wp-content\/uploads\/usu484\/2022\/01\/portada_ramona-adeu_montserrat-roig_201703211827-196x300.jpg 196w\" sizes=\"auto, (max-width: 250px) 100vw, 250px\" \/><\/div>\n","protected":false},"excerpt":{"rendered":"<p>El primer llibre del club de lectura del professorat de l&#8217;Institut ha estat\u00a0<a href=\"https:\/\/www.grup62.cat\/llibre-ramona-adeu\/95347\" target=\"_blank\" rel=\"noopener\" data-saferedirecturl=\"https:\/\/www.google.com\/url?q=https:\/\/www.grup62.cat\/llibre-ramona-adeu\/95347&amp;source=gmail&amp;ust=1643440591809000&amp;usg=AOvVaw28VLon0TqtiNM-hHSSi12G\">Ramona, adeu<\/a>\u00a0de\u00a0<a href=\"https:\/\/www.ccma.cat\/tv3\/alacarta\/identitats\/montserrat-roig\/video\/2874310\/\" target=\"_blank\" rel=\"noopener\" data-saferedirecturl=\"https:\/\/www.google.com\/url?q=https:\/\/www.ccma.cat\/tv3\/alacarta\/identitats\/montserrat-roig\/video\/2874310\/&amp;source=gmail&amp;ust=1643440591809000&amp;usg=AOvVaw2P1pocFczZcm6miudjGIAI\">Montserrat Roig<\/a>. La tert\u00falia ha estat amena, divertida i discutida, com sempre, i, sobretot, molt enriquidora perqu\u00e8 veiem la mateixa hist\u00f2ria interpretada des de&hellip;  <a href=\"https:\/\/agora.xtec.cat\/instarragona\/portada\/ramona-adeu\/\" title=\"Read Ramona, adeu\">Llegeix m\u00e9s\u00bb<\/a><\/p>\n","protected":false},"author":1,"featured_media":2929,"comment_status":"open","ping_status":"closed","sticky":false,"template":"","format":"standard","meta":{"_bbp_topic_count":0,"_bbp_reply_count":0,"_bbp_total_topic_count":0,"_bbp_total_reply_count":0,"_bbp_voice_count":0,"_bbp_anonymous_reply_count":0,"_bbp_topic_count_hidden":0,"_bbp_reply_count_hidden":0,"_bbp_forum_subforum_count":0,"footnotes":""},"categories":[29],"tags":[107],"class_list":["post-2928","post","type-post","status-publish","format-standard","has-post-thumbnail","hentry","category-portada","tag-biblioteca"],"post_mailing_queue_ids":[],"_links":{"self":[{"href":"https:\/\/agora.xtec.cat\/instarragona\/wp-json\/wp\/v2\/posts\/2928","targetHints":{"allow":["GET"]}}],"collection":[{"href":"https:\/\/agora.xtec.cat\/instarragona\/wp-json\/wp\/v2\/posts"}],"about":[{"href":"https:\/\/agora.xtec.cat\/instarragona\/wp-json\/wp\/v2\/types\/post"}],"author":[{"embeddable":true,"href":"https:\/\/agora.xtec.cat\/instarragona\/wp-json\/wp\/v2\/users\/1"}],"replies":[{"embeddable":true,"href":"https:\/\/agora.xtec.cat\/instarragona\/wp-json\/wp\/v2\/comments?post=2928"}],"version-history":[{"count":2,"href":"https:\/\/agora.xtec.cat\/instarragona\/wp-json\/wp\/v2\/posts\/2928\/revisions"}],"predecessor-version":[{"id":2932,"href":"https:\/\/agora.xtec.cat\/instarragona\/wp-json\/wp\/v2\/posts\/2928\/revisions\/2932"}],"wp:featuredmedia":[{"embeddable":true,"href":"https:\/\/agora.xtec.cat\/instarragona\/wp-json\/wp\/v2\/media\/2929"}],"wp:attachment":[{"href":"https:\/\/agora.xtec.cat\/instarragona\/wp-json\/wp\/v2\/media?parent=2928"}],"wp:term":[{"taxonomy":"category","embeddable":true,"href":"https:\/\/agora.xtec.cat\/instarragona\/wp-json\/wp\/v2\/categories?post=2928"},{"taxonomy":"post_tag","embeddable":true,"href":"https:\/\/agora.xtec.cat\/instarragona\/wp-json\/wp\/v2\/tags?post=2928"}],"curies":[{"name":"wp","href":"https:\/\/api.w.org\/{rel}","templated":true}]}}