{"id":2910,"date":"2022-01-20T10:26:45","date_gmt":"2022-01-20T09:26:45","guid":{"rendered":"https:\/\/agora.xtec.cat\/instarragona\/?p=2910"},"modified":"2022-01-20T10:27:31","modified_gmt":"2022-01-20T09:27:31","slug":"els-seus-drets-en-joc","status":"publish","type":"post","link":"https:\/\/agora.xtec.cat\/instarragona\/portada\/els-seus-drets-en-joc\/","title":{"rendered":"Els Seus Drets En Joc"},"content":{"rendered":"<p style=\"text-align: center;\">En ha fet molt il\u00b7lusi\u00f3 rebre aquest correu:<\/p>\n<p><em><span lang=\"ca-ES\" style=\"font-family: inherit; font-size: 1em;\">&#8220;Des de Creu Roja Joventut de Tarragona us volem agrair la vostra col\u00b7laboraci\u00f3 amb<\/span><span lang=\"ca-ES\" style=\"font-family: inherit; font-size: 1em;\">\u00a0la <strong><span style=\"color: #339966;\">29a Campanya de Recollida de Joguines 2021 \u2013 2022, Els Seus Drets En Joc<\/span><\/strong>.<\/span><span style=\"font-family: inherit; font-size: 1em;\">\u00a0<\/span><\/em><\/p>\n<div>\n<p><em><span lang=\"ca-ES\">Gr\u00e0cies a la vostra ajuda hem pogut cobrir totalment la demanda de les fam\u00edlies en situaci\u00f3 de vulnerabilitat que s&#8217;han adre\u00e7at a nosaltres, que aquest any ha augmentat un 30% respecte a l&#8217;anterior.<\/span><span lang=\"ca-ES\">\u00a0En total 3.325 nens i nenes en risc d&#8217;exclusi\u00f3 de la demarcaci\u00f3 de Tarragona i les Terres de l&#8217;Ebre han estat beneficiaris\/es\u00a0d&#8217;aquesta iniciativa, que ha repartit m\u00e9s d&#8217;11.600 joguines\u00a0<\/span><span lang=\"ca-ES\">a tot el territori.<\/span><\/em><\/p>\n<\/div>\n<div>\n<p><em><span lang=\"ca-ES\">La vostra contribuci\u00f3 \u00e9s, sens dubte, totalment decisiva per a l&#8217;\u00e8xit de la campanya.\u00a0Enguany\u00a0heu estat m\u00e9s de 200 les empreses i entitats que ens heu fet costat.\u00a0<\/span><span lang=\"ca-ES\">Ens sentim immensament agra\u00efts\u00a0i agra\u00efdes\u00a0d&#8217;haver pogut comptar amb el vostre suport i esperem continuar fent-ho molts anys m\u00e9s<\/span><span lang=\"ca-ES\">. El comprom\u00eds i la participaci\u00f3 d&#8217;empreses i entitats com la vostra ens anima a seguir endavant amb tots els nostres projectes en benefici dels infants i joves m\u00e9s vulnerables. Gr\u00e0cies per ser-hi.&#8221;<\/span><\/em><\/p>\n<\/div>\n<p style=\"text-align: center;\"><strong>Sentir-nos part\u00edcips de campanyes d&#8217;aquesta mena ens enorgulleix<\/strong><\/p>\n<p style=\"text-align: center;\"><strong>Educar \u00e9s tamb\u00e9 aix\u00f2! \ud83d\udc93\u00a0<\/strong><\/p>\n<div>\n<p><img loading=\"lazy\" decoding=\"async\" class=\"aligncenter size-full wp-image-2912\" src=\"https:\/\/agora.xtec.cat\/instarragona\/wp-content\/uploads\/usu484\/2022\/01\/creu_roja_0-1.png\" alt=\"\" width=\"1437\" height=\"653\" srcset=\"https:\/\/agora.xtec.cat\/instarragona\/wp-content\/uploads\/usu484\/2022\/01\/creu_roja_0-1.png 1437w, https:\/\/agora.xtec.cat\/instarragona\/wp-content\/uploads\/usu484\/2022\/01\/creu_roja_0-1-300x136.png 300w, https:\/\/agora.xtec.cat\/instarragona\/wp-content\/uploads\/usu484\/2022\/01\/creu_roja_0-1-1024x465.png 1024w, https:\/\/agora.xtec.cat\/instarragona\/wp-content\/uploads\/usu484\/2022\/01\/creu_roja_0-1-768x349.png 768w\" sizes=\"auto, (max-width: 1437px) 100vw, 1437px\" \/><\/p>\n<\/div>\n","protected":false},"excerpt":{"rendered":"<p>En ha fet molt il\u00b7lusi\u00f3 rebre aquest correu:<br \/>\n&#8220;Des de Creu Roja Joventut de Tarragona us volem agrair la vostra col\u00b7laboraci\u00f3 amb\u00a0la 29a Campanya de Recollida de Joguines 2021 \u2013 2022, Els Seus Drets En Joc.\u00a0<\/p>\n<p>Gr\u00e0cies a la vostra ajuda hem pogut cobrir totalment la demanda&hellip;  <a href=\"https:\/\/agora.xtec.cat\/instarragona\/portada\/els-seus-drets-en-joc\/\" title=\"Read Els Seus Drets En Joc\">Llegeix m\u00e9s\u00bb<\/a><\/p>\n","protected":false},"author":1,"featured_media":2911,"comment_status":"open","ping_status":"closed","sticky":false,"template":"","format":"standard","meta":{"_bbp_topic_count":0,"_bbp_reply_count":0,"_bbp_total_topic_count":0,"_bbp_total_reply_count":0,"_bbp_voice_count":0,"_bbp_anonymous_reply_count":0,"_bbp_topic_count_hidden":0,"_bbp_reply_count_hidden":0,"_bbp_forum_subforum_count":0,"footnotes":""},"categories":[29],"tags":[97,99],"class_list":["post-2910","post","type-post","status-publish","format-standard","has-post-thumbnail","hentry","category-portada","tag-festes-i-activitats","tag-projectes"],"post_mailing_queue_ids":[],"_links":{"self":[{"href":"https:\/\/agora.xtec.cat\/instarragona\/wp-json\/wp\/v2\/posts\/2910","targetHints":{"allow":["GET"]}}],"collection":[{"href":"https:\/\/agora.xtec.cat\/instarragona\/wp-json\/wp\/v2\/posts"}],"about":[{"href":"https:\/\/agora.xtec.cat\/instarragona\/wp-json\/wp\/v2\/types\/post"}],"author":[{"embeddable":true,"href":"https:\/\/agora.xtec.cat\/instarragona\/wp-json\/wp\/v2\/users\/1"}],"replies":[{"embeddable":true,"href":"https:\/\/agora.xtec.cat\/instarragona\/wp-json\/wp\/v2\/comments?post=2910"}],"version-history":[{"count":2,"href":"https:\/\/agora.xtec.cat\/instarragona\/wp-json\/wp\/v2\/posts\/2910\/revisions"}],"predecessor-version":[{"id":2914,"href":"https:\/\/agora.xtec.cat\/instarragona\/wp-json\/wp\/v2\/posts\/2910\/revisions\/2914"}],"wp:featuredmedia":[{"embeddable":true,"href":"https:\/\/agora.xtec.cat\/instarragona\/wp-json\/wp\/v2\/media\/2911"}],"wp:attachment":[{"href":"https:\/\/agora.xtec.cat\/instarragona\/wp-json\/wp\/v2\/media?parent=2910"}],"wp:term":[{"taxonomy":"category","embeddable":true,"href":"https:\/\/agora.xtec.cat\/instarragona\/wp-json\/wp\/v2\/categories?post=2910"},{"taxonomy":"post_tag","embeddable":true,"href":"https:\/\/agora.xtec.cat\/instarragona\/wp-json\/wp\/v2\/tags?post=2910"}],"curies":[{"name":"wp","href":"https:\/\/api.w.org\/{rel}","templated":true}]}}