{"id":2905,"date":"2022-01-18T10:28:52","date_gmt":"2022-01-18T09:28:52","guid":{"rendered":"https:\/\/agora.xtec.cat\/instarragona\/?p=2905"},"modified":"2022-01-18T10:31:55","modified_gmt":"2022-01-18T09:31:55","slug":"la-edad-de-la-ira","status":"publish","type":"post","link":"https:\/\/agora.xtec.cat\/instarragona\/eso\/eso-4\/la-edad-de-la-ira\/","title":{"rendered":"&#8220;La edad de la ira&#8221;"},"content":{"rendered":"<div dir=\"ltr\">\n<div dir=\"ltr\">\n<div>\n<p>El divendres 14 de gener, els nostres alumnes de 4t d&#8217;ESO van tenir la sort de participar en una trobada virtual amb l&#8217;escriptor <a href=\"https:\/\/nandolopez.es\/\">Nando L\u00f3pez<\/a>, autor de la\u00a0<a href=\"https:\/\/nandolopez.es\/la_edad_de_la_ira\/\" target=\"_blank\" rel=\"noopener\" data-saferedirecturl=\"https:\/\/www.google.com\/url?q=http:\/\/novel.la&amp;source=gmail&amp;ust=1642584211928000&amp;usg=AOvVaw0wiD5KS7UuW4H4lYmJHgjU\">novel.la<\/a>\u00a0&#8220;La edad de la ira&#8221; (pr\u00f2xima estrena en format mini-s\u00e8rie, al febrer en Atresmedia Premium).<\/p>\n<p>Despr\u00e9s de la seva lectura a l&#8217;aula durant el primer trimestre, l&#8217;escriptor de seguida va connectar amb ells tractant de forma oberta i directa, temes com l&#8217;homof\u00f2bia, el racisme, la incomprensi\u00f3, la viol\u00e8ncia&#8230; i com un sistema educatiu desbordat \u00e9s incapa\u00e7 de donar respostes.<\/p>\n<p><img loading=\"lazy\" decoding=\"async\" class=\"aligncenter size-full wp-image-2906\" src=\"https:\/\/agora.xtec.cat\/instarragona\/wp-content\/uploads\/usu484\/2022\/01\/IMG_20220114_093023.jpg\" alt=\"\" width=\"624\" height=\"383\" srcset=\"https:\/\/agora.xtec.cat\/instarragona\/wp-content\/uploads\/usu484\/2022\/01\/IMG_20220114_093023.jpg 624w, https:\/\/agora.xtec.cat\/instarragona\/wp-content\/uploads\/usu484\/2022\/01\/IMG_20220114_093023-300x184.jpg 300w\" sizes=\"auto, (max-width: 624px) 100vw, 624px\" \/><\/p>\n<\/div>\n<\/div>\n<\/div>\n","protected":false},"excerpt":{"rendered":"<p>El divendres 14 de gener, els nostres alumnes de 4t d&#8217;ESO van tenir la sort de participar en una trobada virtual amb l&#8217;escriptor <a href=\"https:\/\/nandolopez.es\/\">Nando L\u00f3pez<\/a>, autor de la\u00a0<a href=\"https:\/\/nandolopez.es\/la_edad_de_la_ira\/\" target=\"_blank\" rel=\"noopener\" data-saferedirecturl=\"https:\/\/www.google.com\/url?q=http:\/\/novel.la&amp;source=gmail&amp;ust=1642584211928000&amp;usg=AOvVaw0wiD5KS7UuW4H4lYmJHgjU\">novel.la<\/a>\u00a0&#8220;La edad de la ira&#8221; (pr\u00f2xima estrena en format mini-s\u00e8rie, al febrer en&hellip;  <a href=\"https:\/\/agora.xtec.cat\/instarragona\/eso\/eso-4\/la-edad-de-la-ira\/\" title=\"Read &#8220;La edad de la ira&#8221;\">Llegeix m\u00e9s\u00bb<\/a><\/p>\n","protected":false},"author":1,"featured_media":2907,"comment_status":"open","ping_status":"closed","sticky":false,"template":"","format":"standard","meta":{"_bbp_topic_count":0,"_bbp_reply_count":0,"_bbp_total_topic_count":0,"_bbp_total_reply_count":0,"_bbp_voice_count":0,"_bbp_anonymous_reply_count":0,"_bbp_topic_count_hidden":0,"_bbp_reply_count_hidden":0,"_bbp_forum_subforum_count":0,"footnotes":""},"categories":[7,29],"tags":[134],"class_list":["post-2905","post","type-post","status-publish","format-standard","has-post-thumbnail","hentry","category-eso-4","category-portada","tag-castella"],"post_mailing_queue_ids":[],"_links":{"self":[{"href":"https:\/\/agora.xtec.cat\/instarragona\/wp-json\/wp\/v2\/posts\/2905","targetHints":{"allow":["GET"]}}],"collection":[{"href":"https:\/\/agora.xtec.cat\/instarragona\/wp-json\/wp\/v2\/posts"}],"about":[{"href":"https:\/\/agora.xtec.cat\/instarragona\/wp-json\/wp\/v2\/types\/post"}],"author":[{"embeddable":true,"href":"https:\/\/agora.xtec.cat\/instarragona\/wp-json\/wp\/v2\/users\/1"}],"replies":[{"embeddable":true,"href":"https:\/\/agora.xtec.cat\/instarragona\/wp-json\/wp\/v2\/comments?post=2905"}],"version-history":[{"count":2,"href":"https:\/\/agora.xtec.cat\/instarragona\/wp-json\/wp\/v2\/posts\/2905\/revisions"}],"predecessor-version":[{"id":2909,"href":"https:\/\/agora.xtec.cat\/instarragona\/wp-json\/wp\/v2\/posts\/2905\/revisions\/2909"}],"wp:featuredmedia":[{"embeddable":true,"href":"https:\/\/agora.xtec.cat\/instarragona\/wp-json\/wp\/v2\/media\/2907"}],"wp:attachment":[{"href":"https:\/\/agora.xtec.cat\/instarragona\/wp-json\/wp\/v2\/media?parent=2905"}],"wp:term":[{"taxonomy":"category","embeddable":true,"href":"https:\/\/agora.xtec.cat\/instarragona\/wp-json\/wp\/v2\/categories?post=2905"},{"taxonomy":"post_tag","embeddable":true,"href":"https:\/\/agora.xtec.cat\/instarragona\/wp-json\/wp\/v2\/tags?post=2905"}],"curies":[{"name":"wp","href":"https:\/\/api.w.org\/{rel}","templated":true}]}}